{"id":864,"date":"2026-03-03T15:05:25","date_gmt":"2026-03-03T14:05:25","guid":{"rendered":"https:\/\/elementor.com\/community\/it\/?p=864"},"modified":"2026-03-04T18:24:47","modified_gmt":"2026-03-04T17:24:47","slug":"editor-v4-perche-ti-fara-lavorare-piu-veloce-e-meglio","status":"publish","type":"post","link":"https:\/\/elementor.com\/community\/it\/editor-v4-perche-ti-fara-lavorare-piu-veloce-e-meglio\/","title":{"rendered":"Editor V4: perch\u00e9 ti far\u00e0 lavorare pi\u00f9 veloce e meglio"},"content":{"rendered":"\n<p>La versione 4 dell&#8217;Editor di Elementor \u00e8 ora in beta ed \u00e8 ormai cos\u00ec stabile che si pu\u00f2 usare per i nuovi siti in produzione. Il rilascio ufficiale \u00e8 previsto per la fine del mese di marzo, pi\u00f9 o meno.<\/p>\n\n\n\n<p>Con Tiziano Fogliata abbiamo visto come sfruttare al meglio le nuove funzionalit\u00e0. Iniziare a creare siti con la V4 \u00e8 il modo migliore per prepararsi alla sua uscita.<\/p>\n\n\n\n<h2 class=\"wp-block-heading\">Rivedi il video dell&#8217;evento<\/h2>\n\n\n\n<p>Sebbene nell&#8217;articolo trovi una sintesi di quanto detto durante l&#8217;evento online, ti suggeriamo di vedere l&#8217;intervento nella sua interezza per scoprire i trucchi e i suggerimenti d&#8217;uso, provati direttamente da Tiziano.<\/p>\n\n\n\n<div style=\"position: relative; padding-bottom: 54.47219983883964%; height: 0;\"><iframe src=\"https:\/\/www.loom.com\/embed\/608b640f333a48e08bbb2c28fd85f091\" frameborder=\"0\" webkitallowfullscreen mozallowfullscreen allowfullscreen style=\"position: absolute; top: 0; left: 0; width: 100%; height: 100%;\"><\/iframe><\/div>\n\n\n\n<h2 class=\"wp-block-heading\">Attivare il nuovo Editor<\/h2>\n\n\n\n<p>Nella tua bacheca di WordPress, vai al menu Elementor &gt;&gt; Editor. L\u00ec seleziona le impostazioni e vai alla scheda Versione 4. Infine, fai clic sul pulsante Attiva la nuova esperienza.<\/p>\n\n\n\n<figure class=\"wp-block-image size-large\"><img decoding=\"async\" src=\"https:\/\/elementor.com\/community\/it\/wp-content\/uploads\/2026\/03\/image-1024x652.png\" alt=\"\" class=\"wp-image-869\"\/><\/figure>\n\n\n\n<p><span style=\"box-sizing: border-box; margin: 0px; padding: 0px;\"><strong>Nota<\/strong>: quando la Versione 4 sar\u00e0 ufficialmente rilasciata, il nuovo Editor, con le funzioni atomiche, sar\u00e0 predefinito in tutte le nuove installazioni.<\/span><\/p>\n\n\n\n<h2 class=\"wp-block-heading\">Atomic design e coerenza visiva<\/h2>\n\n\n\n<p><a href=\"https:\/\/atomicdesign.bradfrost.com\/chapter-2\/#the-atomic-design-methodology\">L&#8217;atomic design<\/a> \u00e8 al centro della nuova filosofia di Elementor V4.<\/p>\n\n\n\n<p>Al momento, ci sono 10 elementi atomici, che possono essere utilizzati insieme agli altri elementi tradizionali<\/p>\n\n\n\n<figure class=\"wp-block-image size-large is-resized\"><img decoding=\"async\" src=\"https:\/\/elementor.com\/community\/it\/wp-content\/uploads\/2026\/03\/image-1-575x1024.png\" alt=\"\" class=\"wp-image-900\" style=\"width:334px;height:auto\"\/><\/figure>\n\n\n\n<p><strong>Ricorda<\/strong>: <br>solo questi elementi consentono di sfruttare le caratteristiche del nuovo Editor v4. Via via che il nuovo Editor sar\u00e0 consolidato, l&#8217;idea \u00e8 che si aggiungano nuovi elementi atomici, che sostituiranno i precedenti.<br><\/p>\n\n\n\n<h2 class=\"wp-block-heading\">I vantaggi del nuovo Editor V4<\/h2>\n\n\n\n<p>In sintesi, i principali vantaggi della nuova architettura dell&#8217;Editor sono:<\/p>\n\n\n\n<ul class=\"wp-block-list\">\n<li><strong>Codice HTML pi\u00f9 snello, <\/strong><br>meno elementi &lt;div&gt; e DOM pi\u00f9 pulito. <br><a href=\"https:\/\/elementor.com\/community\/it\/editor-v4\/#css-first\">Ne abbiamo parlato nel precedente webinar qui.<\/a><br><\/li>\n\n\n\n<li><strong>Uniformit\u00e0 del pannello di gestione<\/strong><br>Tutti gli elementi atomici hanno la stessa struttura dei pannelli delle impostazioni.<br><\/li>\n\n\n\n<li><strong>Controlli responsive su ogni propriet\u00e0<\/strong><br>Puoi gestire l&#8217;adattamento ai diversi dispositivi in modo pi\u00f9 granulare, elemento per elemento.<br><\/li>\n\n\n\n<li><strong>Stili globali non solo per colori e font<\/strong><br>Con la versione 4, Elementor introduce un flusso di lavoro basato sull&#8217;idea di un design globale, con variabili, classi e stati. Cos\u00ec, ogni stile pu\u00f2 essere definito come una classe CSS e applicato, dove necessario, in tutto il sito con un solo comando.<br>Leggi anche elementor.com\/blog\/it\/classi-css-selettori-stile-consigli-trucchi-altro\/<br><\/li>\n\n\n\n<li><strong>Componenti<\/strong><br>Elementi riutilizzabili su tutto il sito che hanno un layout comune ma contenuti personalizzabili per ogni istanza. Non vanno confusi con i widget globali delle versioni precedenti.<br>Scopri di pi\u00f9 sui Component in <a href=\"https:\/\/elementor.com\/help\/components-2\/\">questo articolo della documentazione ufficiale<\/a> e <a href=\"https:\/\/www.youtube.com\/watch?v=WKjRx-ycsIo\">in questo video<\/a> (in inglese).<\/li>\n<\/ul>\n\n\n\n<figure class=\"wp-block-image size-large is-resized\"><img decoding=\"async\" src=\"https:\/\/elementor.com\/community\/it\/wp-content\/uploads\/2026\/03\/image-2-1017x1024.png\" alt=\"\" class=\"wp-image-902\" style=\"aspect-ratio:0.9931719428926132;width:573px;height:auto\"\/><\/figure>\n\n\n\n<h2 class=\"wp-block-heading\">Cosa succede ai siti creati con l&#8217;editor V3?<\/h2>\n\n\n\n<p>In breve, <strong>continueranno a funzionare<\/strong>. <\/p>\n\n\n\n<p>I nuovi siti saranno realizzati con la versione V4, mentre quelli esistenti possono scegliere di convertirsi e diventare pi\u00f9 scalabili e leggeri. Tuttavia, <strong>non \u00e8 prevista la rimozione dei widget della versione V3.<\/strong> <strong>Tutto ci\u00f2 che \u00e8 stato realizzato rimarr\u00e0 invariato<\/strong>.<\/p>\n\n\n\n<blockquote class=\"wp-block-quote is-layout-flow wp-block-quote-is-layout-flow\">\n<p>Per quanto riguarda la compatibilit\u00e0, <strong>la versione 4 \u00e8 progettata per una transizione fluida.<\/strong> Anche quando la V4 sar\u00e0 introdotta in modalit\u00e0 predefinita, i siti realizzati con i blocchi (e la logica) attuale coesisteranno insieme ai nuovi principi di design atomico.<\/p>\n<\/blockquote>\n\n\n\n<p>I siti pi\u00f9 vecchi, quindi, rimarranno compatibili, anche se l&#8217;adozione del flusso di lavoro basato su classi e del design atomico nel tempo \u00e8 consigliata per beneficiare di tutti i miglioramenti.<\/p>\n\n\n\n<p>In futuro, \u00e8 possibile che vengano rilasciati alcuni convertitori o strumenti di migrazione, ma l&#8217;obiettivo non \u00e8 quello di convertire i siti esistenti alla versione V4.<\/p>\n\n\n\n<p>Quindi, lo ripetiamo, i siti esistenti continueranno a funzionare e per molto tempo puoi scegliere se usare i nuovi blocchi atomici (introdotti con la versione V4) o i blocchi&nbsp;<em>classici<\/em>&nbsp;della V3.<\/p>\n\n\n\n<h2 class=\"wp-block-heading\">Fai sentire la tua voce<sup data-fn=\"60dc3cc7-6231-4944-aed2-c23e96645eb3\" class=\"fn\"><a href=\"#60dc3cc7-6231-4944-aed2-c23e96645eb3\" id=\"60dc3cc7-6231-4944-aed2-c23e96645eb3-link\">1<\/a><\/sup><\/h2>\n\n\n\n<p>Contatta il team che lavora sull&#8217;Editor V4 e d\u00ec cosa ne pensi. Ogni feedback \u00e8 il benvenuto!<\/p>\n\n\n\n<div class=\"wp-block-buttons is-content-justification-center is-layout-flex wp-container-core-buttons-is-layout-a89b3969 wp-block-buttons-is-layout-flex\">\n<div class=\"wp-block-button\"><a class=\"wp-block-button__link has-background has-text-align-center wp-element-button\" href=\"https:\/\/calendly.com\/d\/crz2-np5-bzv\/editor-version-4-feedback-session\" style=\"background-color:#ff7be5\"><strong>F<\/strong>issa un appuntamento<\/a><\/div>\n<\/div>\n\n\n\n<h2 class=\"wp-block-heading\">In conclusione<\/h2>\n\n\n\n<p>Il nuovo Editor, che diventer\u00e0 la modalit\u00e0 predefinita dalla versione 4, introduce cambiamenti strutturali ma soprattutto di architettura del design, adottando i principi del design atomico.<\/p>\n\n\n\n<p>Basato sul principio CSS first, si avvicina di pi\u00f9 al modo di lavorare di chi crea siti per professione, rendendo l&#8217;esperienza di creazione pi\u00f9 fluida e pi\u00f9 vicina al web design.<\/p>\n\n\n\n<p>Questo, senza dubbio, spinger\u00e0 le persone non esperte ad approfondire la logica del linguaggio CSS. Nello stesso tempo, per\u00f2, non render\u00e0 pi\u00f9 complessa la creazione di siti da parte delle persone meno esperte. Infatti, sebbene il vantaggio principale sia l&#8217;uso di classi e variabili, ogni singolo elemento pu\u00f2 essere impostato individualmente, come nella <em>vecchia<\/em> logica.<\/p>\n\n\n\n<hr class=\"wp-block-separator has-alpha-channel-opacity\"\/>\n\n\n\n<h2 class=\"wp-block-heading\">Le slide dell&#8217;evento<\/h2>\n\n\n\n<div class=\"wp-block-file\"><a id=\"wp-block-file--media-8fb53f0c-2473-4b70-ad95-58e93c63e6f5\" href=\"https:\/\/elementor.com\/community\/it\/wp-content\/uploads\/2026\/03\/Def-Webinar-Elementor-Editor-V4-febbraio-2026.pdf\">Def Webinar Elementor Editor V4 &#8211; febbraio 2026<\/a><a href=\"https:\/\/elementor.com\/community\/it\/wp-content\/uploads\/2026\/03\/Def-Webinar-Elementor-Editor-V4-febbraio-2026.pdf\" class=\"wp-block-file__button wp-element-button\" download aria-describedby=\"wp-block-file--media-8fb53f0c-2473-4b70-ad95-58e93c63e6f5\">Scarica il file pdf<\/a><\/div>\n\n\n\n<hr class=\"wp-block-separator has-alpha-channel-opacity\"\/>\n\n\n\n<p><\/p>\n\n\n<ol class=\"wp-block-footnotes\"><li id=\"60dc3cc7-6231-4944-aed2-c23e96645eb3\">La videochiamata con il team si svolge in lingua inglese. <a href=\"#60dc3cc7-6231-4944-aed2-c23e96645eb3-link\" aria-label=\"Salta al riferimento nella nota a pi\u00e8 di pagina 1\">\u21a9\ufe0e<\/a><\/li><\/ol>","protected":false},"excerpt":{"rendered":"<p>Scopri la nuova versione 4 dell&#8217;Editor di Elementor, ora in beta e pronta per i nuovi siti in produzione! Con un design atomico e una gestione pi\u00f9 fluida, questa versione promette di rendere il tuo lavoro pi\u00f9 veloce e migliore. <\/p>\n","protected":false},"author":3,"featured_media":865,"comment_status":"open","ping_status":"open","sticky":false,"template":"","format":"standard","meta":{"_acf_changed":false,"_angie_page":false,"page_builder":"","footnotes":"[{\"content\":\"La videochiamata con il team si svolge in lingua inglese.\",\"id\":\"60dc3cc7-6231-4944-aed2-c23e96645eb3\"}]"},"categories":[35,14],"tags":[],"class_list":["post-864","post","type-post","status-publish","format-standard","has-post-thumbnail","hentry","category-editor","category-eventi"],"acf":[],"yoast_head":"<!-- This site is optimized with the Yoast SEO plugin v27.5 - https:\/\/yoast.com\/product\/yoast-seo-wordpress\/ -->\n<title>Editor V4: perch\u00e9 ti far\u00e0 lavorare pi\u00f9 veloce e meglio - Elementor Italia blog<\/title>\n<meta name=\"description\" content=\"L&#039;Editor V4 di Elementor \u00e8 in arrivo. Una nuova architettura e un workflow class-based per un&#039;esperienza di creazione pi\u00f9 fluida.\" \/>\n<meta name=\"robots\" content=\"index, follow, max-snippet:-1, max-image-preview:large, max-video-preview:-1\" \/>\n<link rel=\"canonical\" href=\"https:\/\/elementor.com\/community\/it\/editor-v4-perche-ti-fara-lavorare-piu-veloce-e-meglio\/\" \/>\n<meta property=\"og:locale\" content=\"it_IT\" \/>\n<meta property=\"og:type\" content=\"article\" \/>\n<meta property=\"og:title\" content=\"Editor V4: perch\u00e9 ti far\u00e0 lavorare pi\u00f9 veloce e meglio - Elementor Italia blog\" \/>\n<meta property=\"og:description\" content=\"L&#039;Editor V4 di Elementor \u00e8 in arrivo. Una nuova architettura e un workflow class-based per un&#039;esperienza di creazione pi\u00f9 fluida.\" \/>\n<meta property=\"og:url\" content=\"https:\/\/elementor.com\/community\/it\/editor-v4-perche-ti-fara-lavorare-piu-veloce-e-meglio\/\" \/>\n<meta property=\"og:site_name\" content=\"Elementor Italia blog\" \/>\n<meta property=\"article:published_time\" content=\"2026-03-03T14:05:25+00:00\" \/>\n<meta property=\"article:modified_time\" content=\"2026-03-04T17:24:47+00:00\" \/>\n<meta property=\"og:image\" content=\"https:\/\/elementor.com\/community\/it\/wp-content\/uploads\/2026\/03\/web-feb-cover.webp\" \/>\n\t<meta property=\"og:image:width\" content=\"1024\" \/>\n\t<meta property=\"og:image:height\" content=\"574\" \/>\n\t<meta property=\"og:image:type\" content=\"image\/webp\" \/>\n<meta name=\"author\" content=\"Laura Sacco\" \/>\n<meta name=\"twitter:card\" content=\"summary_large_image\" \/>\n<meta name=\"twitter:label1\" content=\"Scritto da\" \/>\n\t<meta name=\"twitter:data1\" content=\"Laura Sacco\" \/>\n\t<meta name=\"twitter:label2\" content=\"Tempo di lettura stimato\" \/>\n\t<meta name=\"twitter:data2\" content=\"5 minuti\" \/>\n<script type=\"application\/ld+json\" class=\"yoast-schema-graph\">{\"@context\":\"https:\\\/\\\/schema.org\",\"@graph\":[{\"@type\":\"Article\",\"@id\":\"https:\\\/\\\/elementor.com\\\/community\\\/it\\\/editor-v4-perche-ti-fara-lavorare-piu-veloce-e-meglio\\\/#article\",\"isPartOf\":{\"@id\":\"https:\\\/\\\/elementor.com\\\/community\\\/it\\\/editor-v4-perche-ti-fara-lavorare-piu-veloce-e-meglio\\\/\"},\"author\":{\"name\":\"Laura Sacco\",\"@id\":\"https:\\\/\\\/elementor.com\\\/community\\\/it\\\/#\\\/schema\\\/person\\\/f9df483f55cb3bd210add5d365c5c43b\"},\"headline\":\"Editor V4: perch\u00e9 ti far\u00e0 lavorare pi\u00f9 veloce e meglio\",\"datePublished\":\"2026-03-03T14:05:25+00:00\",\"dateModified\":\"2026-03-04T17:24:47+00:00\",\"mainEntityOfPage\":{\"@id\":\"https:\\\/\\\/elementor.com\\\/community\\\/it\\\/editor-v4-perche-ti-fara-lavorare-piu-veloce-e-meglio\\\/\"},\"wordCount\":746,\"commentCount\":0,\"publisher\":{\"@id\":\"https:\\\/\\\/elementor.com\\\/community\\\/it\\\/#organization\"},\"image\":{\"@id\":\"https:\\\/\\\/elementor.com\\\/community\\\/it\\\/editor-v4-perche-ti-fara-lavorare-piu-veloce-e-meglio\\\/#primaryimage\"},\"thumbnailUrl\":\"https:\\\/\\\/elementor.com\\\/community\\\/it\\\/wp-content\\\/uploads\\\/2026\\\/03\\\/web-feb-cover.webp\",\"articleSection\":[\"Editor\",\"Eventi\"],\"inLanguage\":\"it-IT\",\"potentialAction\":[{\"@type\":\"CommentAction\",\"name\":\"Comment\",\"target\":[\"https:\\\/\\\/elementor.com\\\/community\\\/it\\\/editor-v4-perche-ti-fara-lavorare-piu-veloce-e-meglio\\\/#respond\"]}]},{\"@type\":\"WebPage\",\"@id\":\"https:\\\/\\\/elementor.com\\\/community\\\/it\\\/editor-v4-perche-ti-fara-lavorare-piu-veloce-e-meglio\\\/\",\"url\":\"https:\\\/\\\/elementor.com\\\/community\\\/it\\\/editor-v4-perche-ti-fara-lavorare-piu-veloce-e-meglio\\\/\",\"name\":\"Editor V4: perch\u00e9 ti far\u00e0 lavorare pi\u00f9 veloce e meglio - Elementor Italia blog\",\"isPartOf\":{\"@id\":\"https:\\\/\\\/elementor.com\\\/community\\\/it\\\/#website\"},\"primaryImageOfPage\":{\"@id\":\"https:\\\/\\\/elementor.com\\\/community\\\/it\\\/editor-v4-perche-ti-fara-lavorare-piu-veloce-e-meglio\\\/#primaryimage\"},\"image\":{\"@id\":\"https:\\\/\\\/elementor.com\\\/community\\\/it\\\/editor-v4-perche-ti-fara-lavorare-piu-veloce-e-meglio\\\/#primaryimage\"},\"thumbnailUrl\":\"https:\\\/\\\/elementor.com\\\/community\\\/it\\\/wp-content\\\/uploads\\\/2026\\\/03\\\/web-feb-cover.webp\",\"datePublished\":\"2026-03-03T14:05:25+00:00\",\"dateModified\":\"2026-03-04T17:24:47+00:00\",\"description\":\"L'Editor V4 di Elementor \u00e8 in arrivo. Una nuova architettura e un workflow class-based per un'esperienza di creazione pi\u00f9 fluida.\",\"breadcrumb\":{\"@id\":\"https:\\\/\\\/elementor.com\\\/community\\\/it\\\/editor-v4-perche-ti-fara-lavorare-piu-veloce-e-meglio\\\/#breadcrumb\"},\"inLanguage\":\"it-IT\",\"potentialAction\":[{\"@type\":\"ReadAction\",\"target\":[\"https:\\\/\\\/elementor.com\\\/community\\\/it\\\/editor-v4-perche-ti-fara-lavorare-piu-veloce-e-meglio\\\/\"]}]},{\"@type\":\"ImageObject\",\"inLanguage\":\"it-IT\",\"@id\":\"https:\\\/\\\/elementor.com\\\/community\\\/it\\\/editor-v4-perche-ti-fara-lavorare-piu-veloce-e-meglio\\\/#primaryimage\",\"url\":\"https:\\\/\\\/elementor.com\\\/community\\\/it\\\/wp-content\\\/uploads\\\/2026\\\/03\\\/web-feb-cover.webp\",\"contentUrl\":\"https:\\\/\\\/elementor.com\\\/community\\\/it\\\/wp-content\\\/uploads\\\/2026\\\/03\\\/web-feb-cover.webp\",\"width\":1024,\"height\":574},{\"@type\":\"BreadcrumbList\",\"@id\":\"https:\\\/\\\/elementor.com\\\/community\\\/it\\\/editor-v4-perche-ti-fara-lavorare-piu-veloce-e-meglio\\\/#breadcrumb\",\"itemListElement\":[{\"@type\":\"ListItem\",\"position\":1,\"name\":\"Home\",\"item\":\"https:\\\/\\\/elementor.com\\\/community\\\/it\\\/\"},{\"@type\":\"ListItem\",\"position\":2,\"name\":\"Editor V4: perch\u00e9 ti far\u00e0 lavorare pi\u00f9 veloce e meglio\"}]},{\"@type\":\"WebSite\",\"@id\":\"https:\\\/\\\/elementor.com\\\/community\\\/it\\\/#website\",\"url\":\"https:\\\/\\\/elementor.com\\\/community\\\/it\\\/\",\"name\":\"Elementor Italia blog\",\"description\":\"\",\"publisher\":{\"@id\":\"https:\\\/\\\/elementor.com\\\/community\\\/it\\\/#organization\"},\"potentialAction\":[{\"@type\":\"SearchAction\",\"target\":{\"@type\":\"EntryPoint\",\"urlTemplate\":\"https:\\\/\\\/elementor.com\\\/community\\\/it\\\/?s={search_term_string}\"},\"query-input\":{\"@type\":\"PropertyValueSpecification\",\"valueRequired\":true,\"valueName\":\"search_term_string\"}}],\"inLanguage\":\"it-IT\"},{\"@type\":\"Organization\",\"@id\":\"https:\\\/\\\/elementor.com\\\/community\\\/it\\\/#organization\",\"name\":\"Elementor Community | IT\",\"url\":\"https:\\\/\\\/elementor.com\\\/community\\\/it\\\/\",\"logo\":{\"@type\":\"ImageObject\",\"inLanguage\":\"it-IT\",\"@id\":\"https:\\\/\\\/elementor.com\\\/community\\\/it\\\/#\\\/schema\\\/logo\\\/image\\\/\",\"url\":\"https:\\\/\\\/elementor.com\\\/community\\\/it\\\/wp-content\\\/uploads\\\/2025\\\/09\\\/logo.webp\",\"contentUrl\":\"https:\\\/\\\/elementor.com\\\/community\\\/it\\\/wp-content\\\/uploads\\\/2025\\\/09\\\/logo.webp\",\"width\":1080,\"height\":1080,\"caption\":\"Elementor Community | IT\"},\"image\":{\"@id\":\"https:\\\/\\\/elementor.com\\\/community\\\/it\\\/#\\\/schema\\\/logo\\\/image\\\/\"}},{\"@type\":\"Person\",\"@id\":\"https:\\\/\\\/elementor.com\\\/community\\\/it\\\/#\\\/schema\\\/person\\\/f9df483f55cb3bd210add5d365c5c43b\",\"name\":\"Laura Sacco\",\"image\":{\"@type\":\"ImageObject\",\"inLanguage\":\"it-IT\",\"@id\":\"https:\\\/\\\/secure.gravatar.com\\\/avatar\\\/bc643bd972ea0ffdc0679c6da79d47e3b89743bd554200e1e0b8e6dd6a5245b8?s=96&d=mm&r=g\",\"url\":\"https:\\\/\\\/secure.gravatar.com\\\/avatar\\\/bc643bd972ea0ffdc0679c6da79d47e3b89743bd554200e1e0b8e6dd6a5245b8?s=96&d=mm&r=g\",\"contentUrl\":\"https:\\\/\\\/secure.gravatar.com\\\/avatar\\\/bc643bd972ea0ffdc0679c6da79d47e3b89743bd554200e1e0b8e6dd6a5245b8?s=96&d=mm&r=g\",\"caption\":\"Laura Sacco\"},\"description\":\"Mentore Digitale\u00ae e consulente per nuove imprese, con la passione dell\u2019organizzazione aziendale e della comunicazione. Oggi, anche Partners Manager a Elementor. Nel 2016 si avvicina alla community italiana di WordPress ed \u00e8 colpo di fulmine. Da allora contribuisce attivamente al suo sviluppo, principalmente nel team polyglots, e nell\u2019organizzazione di Meetup e WordCamp. Curiosa esploratrice di tutto ci\u00f2 che \u00e8 digitale, pensa che la tecnologia aiuti le persone a vivere meglio e a liberare tempi e spazi per le proprie passioni. Crede che la realt\u00e0 dipenda dalla prospettiva e che le fiabe siano vere.\",\"url\":\"https:\\\/\\\/elementor.com\\\/community\\\/it\\\/author\\\/lauras\\\/\"}]}<\/script>\n<!-- \/ Yoast SEO plugin. -->","yoast_head_json":{"title":"Editor V4: perch\u00e9 ti far\u00e0 lavorare pi\u00f9 veloce e meglio - Elementor Italia blog","description":"L'Editor V4 di Elementor \u00e8 in arrivo. Una nuova architettura e un workflow class-based per un'esperienza di creazione pi\u00f9 fluida.","robots":{"index":"index","follow":"follow","max-snippet":"max-snippet:-1","max-image-preview":"max-image-preview:large","max-video-preview":"max-video-preview:-1"},"canonical":"https:\/\/elementor.com\/community\/it\/editor-v4-perche-ti-fara-lavorare-piu-veloce-e-meglio\/","og_locale":"it_IT","og_type":"article","og_title":"Editor V4: perch\u00e9 ti far\u00e0 lavorare pi\u00f9 veloce e meglio - Elementor Italia blog","og_description":"L'Editor V4 di Elementor \u00e8 in arrivo. Una nuova architettura e un workflow class-based per un'esperienza di creazione pi\u00f9 fluida.","og_url":"https:\/\/elementor.com\/community\/it\/editor-v4-perche-ti-fara-lavorare-piu-veloce-e-meglio\/","og_site_name":"Elementor Italia blog","article_published_time":"2026-03-03T14:05:25+00:00","article_modified_time":"2026-03-04T17:24:47+00:00","og_image":[{"width":1024,"height":574,"url":"https:\/\/elementor.com\/community\/it\/wp-content\/uploads\/2026\/03\/web-feb-cover.webp","type":"image\/webp"}],"author":"Laura Sacco","twitter_card":"summary_large_image","twitter_misc":{"Scritto da":"Laura Sacco","Tempo di lettura stimato":"5 minuti"},"schema":{"@context":"https:\/\/schema.org","@graph":[{"@type":"Article","@id":"https:\/\/elementor.com\/community\/it\/editor-v4-perche-ti-fara-lavorare-piu-veloce-e-meglio\/#article","isPartOf":{"@id":"https:\/\/elementor.com\/community\/it\/editor-v4-perche-ti-fara-lavorare-piu-veloce-e-meglio\/"},"author":{"name":"Laura Sacco","@id":"https:\/\/elementor.com\/community\/it\/#\/schema\/person\/f9df483f55cb3bd210add5d365c5c43b"},"headline":"Editor V4: perch\u00e9 ti far\u00e0 lavorare pi\u00f9 veloce e meglio","datePublished":"2026-03-03T14:05:25+00:00","dateModified":"2026-03-04T17:24:47+00:00","mainEntityOfPage":{"@id":"https:\/\/elementor.com\/community\/it\/editor-v4-perche-ti-fara-lavorare-piu-veloce-e-meglio\/"},"wordCount":746,"commentCount":0,"publisher":{"@id":"https:\/\/elementor.com\/community\/it\/#organization"},"image":{"@id":"https:\/\/elementor.com\/community\/it\/editor-v4-perche-ti-fara-lavorare-piu-veloce-e-meglio\/#primaryimage"},"thumbnailUrl":"https:\/\/elementor.com\/community\/it\/wp-content\/uploads\/2026\/03\/web-feb-cover.webp","articleSection":["Editor","Eventi"],"inLanguage":"it-IT","potentialAction":[{"@type":"CommentAction","name":"Comment","target":["https:\/\/elementor.com\/community\/it\/editor-v4-perche-ti-fara-lavorare-piu-veloce-e-meglio\/#respond"]}]},{"@type":"WebPage","@id":"https:\/\/elementor.com\/community\/it\/editor-v4-perche-ti-fara-lavorare-piu-veloce-e-meglio\/","url":"https:\/\/elementor.com\/community\/it\/editor-v4-perche-ti-fara-lavorare-piu-veloce-e-meglio\/","name":"Editor V4: perch\u00e9 ti far\u00e0 lavorare pi\u00f9 veloce e meglio - Elementor Italia blog","isPartOf":{"@id":"https:\/\/elementor.com\/community\/it\/#website"},"primaryImageOfPage":{"@id":"https:\/\/elementor.com\/community\/it\/editor-v4-perche-ti-fara-lavorare-piu-veloce-e-meglio\/#primaryimage"},"image":{"@id":"https:\/\/elementor.com\/community\/it\/editor-v4-perche-ti-fara-lavorare-piu-veloce-e-meglio\/#primaryimage"},"thumbnailUrl":"https:\/\/elementor.com\/community\/it\/wp-content\/uploads\/2026\/03\/web-feb-cover.webp","datePublished":"2026-03-03T14:05:25+00:00","dateModified":"2026-03-04T17:24:47+00:00","description":"L'Editor V4 di Elementor \u00e8 in arrivo. Una nuova architettura e un workflow class-based per un'esperienza di creazione pi\u00f9 fluida.","breadcrumb":{"@id":"https:\/\/elementor.com\/community\/it\/editor-v4-perche-ti-fara-lavorare-piu-veloce-e-meglio\/#breadcrumb"},"inLanguage":"it-IT","potentialAction":[{"@type":"ReadAction","target":["https:\/\/elementor.com\/community\/it\/editor-v4-perche-ti-fara-lavorare-piu-veloce-e-meglio\/"]}]},{"@type":"ImageObject","inLanguage":"it-IT","@id":"https:\/\/elementor.com\/community\/it\/editor-v4-perche-ti-fara-lavorare-piu-veloce-e-meglio\/#primaryimage","url":"https:\/\/elementor.com\/community\/it\/wp-content\/uploads\/2026\/03\/web-feb-cover.webp","contentUrl":"https:\/\/elementor.com\/community\/it\/wp-content\/uploads\/2026\/03\/web-feb-cover.webp","width":1024,"height":574},{"@type":"BreadcrumbList","@id":"https:\/\/elementor.com\/community\/it\/editor-v4-perche-ti-fara-lavorare-piu-veloce-e-meglio\/#breadcrumb","itemListElement":[{"@type":"ListItem","position":1,"name":"Home","item":"https:\/\/elementor.com\/community\/it\/"},{"@type":"ListItem","position":2,"name":"Editor V4: perch\u00e9 ti far\u00e0 lavorare pi\u00f9 veloce e meglio"}]},{"@type":"WebSite","@id":"https:\/\/elementor.com\/community\/it\/#website","url":"https:\/\/elementor.com\/community\/it\/","name":"Elementor Italia blog","description":"","publisher":{"@id":"https:\/\/elementor.com\/community\/it\/#organization"},"potentialAction":[{"@type":"SearchAction","target":{"@type":"EntryPoint","urlTemplate":"https:\/\/elementor.com\/community\/it\/?s={search_term_string}"},"query-input":{"@type":"PropertyValueSpecification","valueRequired":true,"valueName":"search_term_string"}}],"inLanguage":"it-IT"},{"@type":"Organization","@id":"https:\/\/elementor.com\/community\/it\/#organization","name":"Elementor Community | IT","url":"https:\/\/elementor.com\/community\/it\/","logo":{"@type":"ImageObject","inLanguage":"it-IT","@id":"https:\/\/elementor.com\/community\/it\/#\/schema\/logo\/image\/","url":"https:\/\/elementor.com\/community\/it\/wp-content\/uploads\/2025\/09\/logo.webp","contentUrl":"https:\/\/elementor.com\/community\/it\/wp-content\/uploads\/2025\/09\/logo.webp","width":1080,"height":1080,"caption":"Elementor Community | IT"},"image":{"@id":"https:\/\/elementor.com\/community\/it\/#\/schema\/logo\/image\/"}},{"@type":"Person","@id":"https:\/\/elementor.com\/community\/it\/#\/schema\/person\/f9df483f55cb3bd210add5d365c5c43b","name":"Laura Sacco","image":{"@type":"ImageObject","inLanguage":"it-IT","@id":"https:\/\/secure.gravatar.com\/avatar\/bc643bd972ea0ffdc0679c6da79d47e3b89743bd554200e1e0b8e6dd6a5245b8?s=96&d=mm&r=g","url":"https:\/\/secure.gravatar.com\/avatar\/bc643bd972ea0ffdc0679c6da79d47e3b89743bd554200e1e0b8e6dd6a5245b8?s=96&d=mm&r=g","contentUrl":"https:\/\/secure.gravatar.com\/avatar\/bc643bd972ea0ffdc0679c6da79d47e3b89743bd554200e1e0b8e6dd6a5245b8?s=96&d=mm&r=g","caption":"Laura Sacco"},"description":"Mentore Digitale\u00ae e consulente per nuove imprese, con la passione dell\u2019organizzazione aziendale e della comunicazione. Oggi, anche Partners Manager a Elementor. Nel 2016 si avvicina alla community italiana di WordPress ed \u00e8 colpo di fulmine. Da allora contribuisce attivamente al suo sviluppo, principalmente nel team polyglots, e nell\u2019organizzazione di Meetup e WordCamp. Curiosa esploratrice di tutto ci\u00f2 che \u00e8 digitale, pensa che la tecnologia aiuti le persone a vivere meglio e a liberare tempi e spazi per le proprie passioni. Crede che la realt\u00e0 dipenda dalla prospettiva e che le fiabe siano vere.","url":"https:\/\/elementor.com\/community\/it\/author\/lauras\/"}]}},"_links":{"self":[{"href":"https:\/\/elementor.com\/community\/it\/wp-json\/wp\/v2\/posts\/864","targetHints":{"allow":["GET"]}}],"collection":[{"href":"https:\/\/elementor.com\/community\/it\/wp-json\/wp\/v2\/posts"}],"about":[{"href":"https:\/\/elementor.com\/community\/it\/wp-json\/wp\/v2\/types\/post"}],"author":[{"embeddable":true,"href":"https:\/\/elementor.com\/community\/it\/wp-json\/wp\/v2\/users\/3"}],"replies":[{"embeddable":true,"href":"https:\/\/elementor.com\/community\/it\/wp-json\/wp\/v2\/comments?post=864"}],"version-history":[{"count":6,"href":"https:\/\/elementor.com\/community\/it\/wp-json\/wp\/v2\/posts\/864\/revisions"}],"predecessor-version":[{"id":904,"href":"https:\/\/elementor.com\/community\/it\/wp-json\/wp\/v2\/posts\/864\/revisions\/904"}],"wp:featuredmedia":[{"embeddable":true,"href":"https:\/\/elementor.com\/community\/it\/wp-json\/wp\/v2\/media\/865"}],"wp:attachment":[{"href":"https:\/\/elementor.com\/community\/it\/wp-json\/wp\/v2\/media?parent=864"}],"wp:term":[{"taxonomy":"category","embeddable":true,"href":"https:\/\/elementor.com\/community\/it\/wp-json\/wp\/v2\/categories?post=864"},{"taxonomy":"post_tag","embeddable":true,"href":"https:\/\/elementor.com\/community\/it\/wp-json\/wp\/v2\/tags?post=864"}],"curies":[{"name":"wp","href":"https:\/\/api.w.org\/{rel}","templated":true}]}}