{"id":382,"date":"2025-11-03T11:07:13","date_gmt":"2025-11-03T10:07:13","guid":{"rendered":"https:\/\/elementor.com\/community\/it\/?p=382"},"modified":"2025-11-17T10:56:17","modified_gmt":"2025-11-17T09:56:17","slug":"sito-del-mese-di-ottobre-2025","status":"publish","type":"post","link":"https:\/\/elementor.com\/community\/it\/sito-del-mese-di-ottobre-2025\/","title":{"rendered":"Il sito del mese di ottobre 2025 \u00e8&#8230;"},"content":{"rendered":"\t\t<div data-elementor-type=\"wp-post\" data-elementor-id=\"382\" class=\"elementor elementor-382\" data-elementor-post-type=\"post\">\n\t\t\t\t<div class=\"elementor-element elementor-element-750f247 e-con-full e-flex e-con e-parent\" data-id=\"750f247\" data-element_type=\"container\" data-e-type=\"container\">\n\t\t\t\t<div class=\"elementor-element elementor-element-d79b3e2 elementor-widget elementor-widget-spacer\" data-id=\"d79b3e2\" data-element_type=\"widget\" data-e-type=\"widget\" data-widget_type=\"spacer.default\">\n\t\t\t\t\t\t\t<div class=\"elementor-spacer\">\n\t\t\t<div class=\"elementor-spacer-inner\"><\/div>\n\t\t<\/div>\n\t\t\t\t\t\t<\/div>\n\t\t\t\t<div class=\"elementor-element elementor-element-ad2e65f elementor-widget elementor-widget-heading\" data-id=\"ad2e65f\" data-element_type=\"widget\" data-e-type=\"widget\" data-widget_type=\"heading.default\">\n\t\t\t\t\t<h2 class=\"elementor-heading-title elementor-size-default\"><a href=\"https:\/\/carboniafilmfest.org\/\">Carbonia Film Festival<\/a><\/h2>\t\t\t\t<\/div>\n\t\t\t\t<div class=\"elementor-element elementor-element-85996c9 elementor-widget elementor-widget-text-editor\" data-id=\"85996c9\" data-element_type=\"widget\" data-e-type=\"widget\" data-widget_type=\"text-editor.default\">\n\t\t\t\t\t\t\t\t\t<p>Il Film Festival di Carbonia, giunge nel 2025 alla sua quinta edizione e in quest&#8217;occasione la scelta dell&#8217;organizzazione \u00e8 stata quella di creare una nuova identit\u00e0 visiva e un sito interattivo ed accessibile.<\/p>\n<p>Il sito, creato da Stefano Figus, dell&#8217;agenzia <a href=\"http:\/\/www.dframe.it\">DFRAME<\/a>, rispecchia il design dell&#8217;edizione del Festival 2025: colorato e perfettamente in linea con l&#8217;identit\u00e0 visiva creata dall&#8217;illustratrice Camilla Falsini.<\/p>\n<p>La scelta di usare Ally, il plugin per l&#8217;Accessibilit\u00e0 di Elementor, e di visualizzare il widget sul front end, d\u00e0 la possibilit\u00e0, tra le altre, di disattivare le animazioni, cambiare il contrasto colori o semplicemente mostrarlo in scala di grigi. In modo da rendere la navigazione pi\u00f9 fluida per quante persone possibili.<\/p>\t\t\t\t\t\t\t\t<\/div>\n\t\t\t\t<div class=\"elementor-element elementor-element-eb44542 elementor-widget elementor-widget-spacer\" data-id=\"eb44542\" data-element_type=\"widget\" data-e-type=\"widget\" data-widget_type=\"spacer.default\">\n\t\t\t\t\t\t\t<div class=\"elementor-spacer\">\n\t\t\t<div class=\"elementor-spacer-inner\"><\/div>\n\t\t<\/div>\n\t\t\t\t\t\t<\/div>\n\t\t\t\t<div class=\"elementor-element elementor-element-785002d elementor-widget elementor-widget-image\" data-id=\"785002d\" data-element_type=\"widget\" data-e-type=\"widget\" data-widget_type=\"image.default\">\n\t\t\t\t\t\t\t\t\t\t\t\t\t\t\t\t<a href=\"https:\/\/carboniafilmfest.org\/\">\n\t\t\t\t\t\t\t<img fetchpriority=\"high\" decoding=\"async\" width=\"1920\" height=\"958\" src=\"https:\/\/elementor.com\/community\/it\/wp-content\/uploads\/2025\/11\/homepage-del-sito-CFF.webp\" class=\"attachment-full size-full wp-image-385\" alt=\"immagine decorativa. Homepage del sito del Carbonia Film Festival, con figure stilizzate in modo geometrico molto colorate e a fianco titolo e date del Festival 2025\" srcset=\"https:\/\/elementor.com\/community\/it\/wp-content\/uploads\/2025\/11\/homepage-del-sito-CFF.webp 1920w, https:\/\/elementor.com\/community\/it\/wp-content\/uploads\/2025\/11\/homepage-del-sito-CFF-300x150.webp 300w, https:\/\/elementor.com\/community\/it\/wp-content\/uploads\/2025\/11\/homepage-del-sito-CFF-1024x511.webp 1024w, https:\/\/elementor.com\/community\/it\/wp-content\/uploads\/2025\/11\/homepage-del-sito-CFF-768x383.webp 768w, https:\/\/elementor.com\/community\/it\/wp-content\/uploads\/2025\/11\/homepage-del-sito-CFF-1536x767.webp 1536w\" sizes=\"(max-width: 1920px) 100vw, 1920px\" \/>\t\t\t\t\t\t\t\t<\/a>\n\t\t\t\t\t\t\t\t\t\t\t\t\t\t\t<\/div>\n\t\t\t\t<div class=\"elementor-element elementor-element-85f1b2d elementor-widget elementor-widget-text-editor\" data-id=\"85f1b2d\" data-element_type=\"widget\" data-e-type=\"widget\" data-widget_type=\"text-editor.default\">\n\t\t\t\t\t\t\t\t\t<p><strong>Anno di creazione<\/strong><br \/>2025<\/p>\n<p><strong>Sintesi del progetto<br \/><\/strong>Sito interattivo che permette di navigare nel programma del Festival, con schedine dei singoli film, pagine dedicate agli ospiti e approfondimenti su eventi collaterali. Il design riprende invece l&#8217;illustrazione del manifesto creata da Camilla Falsini, utilizzando gli occhi ed altri elementi all&#8217;interno del layout.<strong><br \/><\/strong><\/p>\n<p><strong>Plugin di Elementor utilizzati:<\/strong><br \/>Website Builder (Editor) Pro<br \/>Ally<br \/>Image Optimizer<\/p>\n<p><b>Plugin di terze parti utilizzati:<\/b><br \/>Yoast Seo<br \/>Site Kit Google <br \/>Iubenda<\/p>\t\t\t\t\t\t\t\t<\/div>\n\t\t<div class=\"elementor-element elementor-element-56e542b e-con-full e-flex e-con e-child\" data-id=\"56e542b\" data-element_type=\"container\" data-e-type=\"container\">\n\t\t\t\t<div class=\"elementor-element elementor-element-ff599d4 elementor-widget elementor-widget-spacer\" data-id=\"ff599d4\" data-element_type=\"widget\" data-e-type=\"widget\" data-widget_type=\"spacer.default\">\n\t\t\t\t\t\t\t<div class=\"elementor-spacer\">\n\t\t\t<div class=\"elementor-spacer-inner\"><\/div>\n\t\t<\/div>\n\t\t\t\t\t\t<\/div>\n\t\t\t\t<div class=\"elementor-element elementor-element-f5b91ec elementor-widget elementor-widget-heading\" data-id=\"f5b91ec\" data-element_type=\"widget\" data-e-type=\"widget\" data-widget_type=\"heading.default\">\n\t\t\t\t\t<h2 class=\"elementor-heading-title elementor-size-default\">Richiesta del cliente<\/h2>\t\t\t\t<\/div>\n\t\t\t\t<div class=\"elementor-element elementor-element-f50f0f9 elementor-widget elementor-widget-text-editor\" data-id=\"f50f0f9\" data-element_type=\"widget\" data-e-type=\"widget\" data-widget_type=\"text-editor.default\">\n\t\t\t\t\t\t\t\t\t<p>L&#8217;organizzazione voleva portare il festival ad un livello successivo, uscendo quest&#8217;anno con una nuova identit\u00e0 visiva disegnata da Camilla Falsini (autrice anche dell&#8217;illustrazione del manifesto) e uscendo con un sito web capace di evidenziare l&#8217;importanza raggiunta dell&#8217;evento e al contempo offrire una navigazione interattiva per scoprire il programma.<\/p>\n<p>Tra le richieste anche l&#8217;esigenza di avere un archivio delle vecchie edizioni, con un layout che ne semplificasse i momenti salienti di ogni edizione.<\/p>\t\t\t\t\t\t\t\t<\/div>\n\t\t\t\t<\/div>\n\t\t\t\t<\/div>\n\t\t<div class=\"elementor-element elementor-element-7b726ff e-flex e-con-boxed e-con e-parent\" data-id=\"7b726ff\" data-element_type=\"container\" data-e-type=\"container\">\n\t\t\t\t\t<div class=\"e-con-inner\">\n\t\t\t\t<div class=\"elementor-element elementor-element-80edf88 elementor-widget elementor-widget-spacer\" data-id=\"80edf88\" data-element_type=\"widget\" data-e-type=\"widget\" data-widget_type=\"spacer.default\">\n\t\t\t\t\t\t\t<div class=\"elementor-spacer\">\n\t\t\t<div class=\"elementor-spacer-inner\"><\/div>\n\t\t<\/div>\n\t\t\t\t\t\t<\/div>\n\t\t\t\t<div class=\"elementor-element elementor-element-0b44f43 elementor-widget elementor-widget-heading\" data-id=\"0b44f43\" data-element_type=\"widget\" data-e-type=\"widget\" data-widget_type=\"heading.default\">\n\t\t\t\t\t<h2 class=\"elementor-heading-title elementor-size-default\">Sfide\/criticit\u00e0<\/h2>\t\t\t\t<\/div>\n\t\t\t\t<div class=\"elementor-element elementor-element-2917b46 elementor-widget elementor-widget-text-editor\" data-id=\"2917b46\" data-element_type=\"widget\" data-e-type=\"widget\" data-widget_type=\"text-editor.default\">\n\t\t\t\t\t\t\t\t\t<p>Riprodurre in un sito il look&amp;feel del design del festival. I molti colori non dovevano confondere, e il sito doveva rispondere a requisiti di accessibilit\u00e0 molto precisi, in modo da risultare navigabile da chiunque.<\/p>\t\t\t\t\t\t\t\t<\/div>\n\t\t\t\t\t<\/div>\n\t\t\t\t<\/div>\n\t\t<div class=\"elementor-element elementor-element-fcd2da5 e-flex e-con-boxed e-con e-parent\" data-id=\"fcd2da5\" data-element_type=\"container\" data-e-type=\"container\">\n\t\t\t\t\t<div class=\"e-con-inner\">\n\t\t\t\t<div class=\"elementor-element elementor-element-71dff4b elementor-widget elementor-widget-spacer\" data-id=\"71dff4b\" data-element_type=\"widget\" data-e-type=\"widget\" data-widget_type=\"spacer.default\">\n\t\t\t\t\t\t\t<div class=\"elementor-spacer\">\n\t\t\t<div class=\"elementor-spacer-inner\"><\/div>\n\t\t<\/div>\n\t\t\t\t\t\t<\/div>\n\t\t\t\t<div class=\"elementor-element elementor-element-fbdd14e elementor-widget elementor-widget-heading\" data-id=\"fbdd14e\" data-element_type=\"widget\" data-e-type=\"widget\" data-widget_type=\"heading.default\">\n\t\t\t\t\t<h2 class=\"elementor-heading-title elementor-size-default\">Soluzioni adottate<\/h2>\t\t\t\t<\/div>\n\t\t\t\t<div class=\"elementor-element elementor-element-d854d4a elementor-widget elementor-widget-text-editor\" data-id=\"d854d4a\" data-element_type=\"widget\" data-e-type=\"widget\" data-widget_type=\"text-editor.default\">\n\t\t\t\t\t\t\t\t\t<p>Il sito gioca sui colori, sui font di grandi dimensioni, su schedine film animate e su immagini in bianco e nero che in modalit\u00e0 hover acquistano colore (a simulare un effetto cinematografico).<\/p>\t\t\t\t\t\t\t\t<\/div>\n\t\t\t\t<div class=\"elementor-element elementor-element-bce26b1 elementor-widget elementor-widget-spacer\" data-id=\"bce26b1\" data-element_type=\"widget\" data-e-type=\"widget\" data-widget_type=\"spacer.default\">\n\t\t\t\t\t\t\t<div class=\"elementor-spacer\">\n\t\t\t<div class=\"elementor-spacer-inner\"><\/div>\n\t\t<\/div>\n\t\t\t\t\t\t<\/div>\n\t\t\t\t<div class=\"elementor-element elementor-element-81d4b78 elementor-widget elementor-widget-video\" data-id=\"81d4b78\" data-element_type=\"widget\" data-e-type=\"widget\" data-settings=\"{&quot;video_type&quot;:&quot;hosted&quot;,&quot;controls&quot;:&quot;yes&quot;}\" data-widget_type=\"video.default\">\n\t\t\t\t\t\t\t<div class=\"e-hosted-video elementor-wrapper elementor-open-inline\">\n\t\t\t\t\t<video class=\"elementor-video\" src=\"https:\/\/elementor.com\/community\/it\/wp-content\/uploads\/2025\/11\/sito-CFF.mov\" controls=\"\" preload=\"metadata\" controlsList=\"nodownload\"><\/video>\n\t\t\t\t<\/div>\n\t\t\t\t\t\t<\/div>\n\t\t\t\t<div class=\"elementor-element elementor-element-12251be elementor-widget elementor-widget-spacer\" data-id=\"12251be\" data-element_type=\"widget\" data-e-type=\"widget\" data-widget_type=\"spacer.default\">\n\t\t\t\t\t\t\t<div class=\"elementor-spacer\">\n\t\t\t<div class=\"elementor-spacer-inner\"><\/div>\n\t\t<\/div>\n\t\t\t\t\t\t<\/div>\n\t\t\t\t\t<\/div>\n\t\t\t\t<\/div>\n\t\t<div class=\"elementor-element elementor-element-944a881 e-flex e-con-boxed e-con e-parent\" data-id=\"944a881\" data-element_type=\"container\" data-e-type=\"container\">\n\t\t\t\t\t<div class=\"e-con-inner\">\n\t\t\t\t<div class=\"elementor-element elementor-element-eb1903b elementor-widget elementor-widget-spacer\" data-id=\"eb1903b\" data-element_type=\"widget\" data-e-type=\"widget\" data-widget_type=\"spacer.default\">\n\t\t\t\t\t\t\t<div class=\"elementor-spacer\">\n\t\t\t<div class=\"elementor-spacer-inner\"><\/div>\n\t\t<\/div>\n\t\t\t\t\t\t<\/div>\n\t\t\t\t<div class=\"elementor-element elementor-element-241e96b elementor-widget elementor-widget-heading\" data-id=\"241e96b\" data-element_type=\"widget\" data-e-type=\"widget\" data-widget_type=\"heading.default\">\n\t\t\t\t\t<h2 class=\"elementor-heading-title elementor-size-default\">Performance<\/h2>\t\t\t\t<\/div>\n\t\t\t\t<div class=\"elementor-element elementor-element-1fd4eba elementor-widget elementor-widget-text-editor\" data-id=\"1fd4eba\" data-element_type=\"widget\" data-e-type=\"widget\" data-widget_type=\"text-editor.default\">\n\t\t\t\t\t\t\t\t\t<p>Dall&#8217;analisi con PageSpeed Insights, il sito ha degli ottimi risultati nella versione su desktop, mentre ha ancora qualche problema da risolvere nell&#8217;ottimizzazione delle immagini, cache e velocit\u00e0 nella versione mobile.<\/p>\t\t\t\t\t\t\t\t<\/div>\n\t\t\t\t<div class=\"elementor-element elementor-element-ab08f85 elementor-widget elementor-widget-spacer\" data-id=\"ab08f85\" data-element_type=\"widget\" data-e-type=\"widget\" data-widget_type=\"spacer.default\">\n\t\t\t\t\t\t\t<div class=\"elementor-spacer\">\n\t\t\t<div class=\"elementor-spacer-inner\"><\/div>\n\t\t<\/div>\n\t\t\t\t\t\t<\/div>\n\t\t\t\t<div class=\"elementor-element elementor-element-0042195 elementor-widget elementor-widget-image\" data-id=\"0042195\" data-element_type=\"widget\" data-e-type=\"widget\" data-widget_type=\"image.default\">\n\t\t\t\t\t\t\t\t\t\t\t\t<figure class=\"wp-caption\">\n\t\t\t\t\t\t\t\t\t\t<img decoding=\"async\" width=\"514\" height=\"110\" src=\"https:\/\/elementor.com\/community\/it\/wp-content\/uploads\/2025\/11\/punteggio-LH-sito-CFF-desktop.webp\" class=\"attachment-large size-large wp-image-399\" alt=\"punteggi di performance del sito CFF versione desktop: 91 performance, 96 accessibilit\u00e0, e 100 sia per Best Practices sia per SEO\" srcset=\"https:\/\/elementor.com\/community\/it\/wp-content\/uploads\/2025\/11\/punteggio-LH-sito-CFF-desktop.webp 514w, https:\/\/elementor.com\/community\/it\/wp-content\/uploads\/2025\/11\/punteggio-LH-sito-CFF-desktop-300x64.webp 300w\" sizes=\"(max-width: 514px) 100vw, 514px\" \/>\t\t\t\t\t\t\t\t\t\t\t<figcaption class=\"widget-image-caption wp-caption-text\">Punteggi delle performance nella versione desktop<\/figcaption>\n\t\t\t\t\t\t\t\t\t\t<\/figure>\n\t\t\t\t\t\t\t\t\t<\/div>\n\t\t\t\t<div class=\"elementor-element elementor-element-0dd34d2 elementor-widget elementor-widget-spacer\" data-id=\"0dd34d2\" data-element_type=\"widget\" data-e-type=\"widget\" data-widget_type=\"spacer.default\">\n\t\t\t\t\t\t\t<div class=\"elementor-spacer\">\n\t\t\t<div class=\"elementor-spacer-inner\"><\/div>\n\t\t<\/div>\n\t\t\t\t\t\t<\/div>\n\t\t\t\t<div class=\"elementor-element elementor-element-b72f529 elementor-widget elementor-widget-image\" data-id=\"b72f529\" data-element_type=\"widget\" data-e-type=\"widget\" data-widget_type=\"image.default\">\n\t\t\t\t\t\t\t\t\t\t\t\t<figure class=\"wp-caption\">\n\t\t\t\t\t\t\t\t\t\t<img decoding=\"async\" width=\"474\" height=\"113\" src=\"https:\/\/elementor.com\/community\/it\/wp-content\/uploads\/2025\/11\/punteggio-sito-CFF-su-mobile.webp\" class=\"attachment-large size-large wp-image-400\" alt=\"punteggi di performance del sito CFF versione mobile: 69 performance, 96 accessibilit\u00e0, 96 per Best Practices e 100 per SEO\" srcset=\"https:\/\/elementor.com\/community\/it\/wp-content\/uploads\/2025\/11\/punteggio-sito-CFF-su-mobile.webp 474w, https:\/\/elementor.com\/community\/it\/wp-content\/uploads\/2025\/11\/punteggio-sito-CFF-su-mobile-300x72.webp 300w\" sizes=\"(max-width: 474px) 100vw, 474px\" \/>\t\t\t\t\t\t\t\t\t\t\t<figcaption class=\"widget-image-caption wp-caption-text\">Punteggi delle performance versione mobile<\/figcaption>\n\t\t\t\t\t\t\t\t\t\t<\/figure>\n\t\t\t\t\t\t\t\t\t<\/div>\n\t\t\t\t<div class=\"elementor-element elementor-element-a93bea1 elementor-widget elementor-widget-spacer\" data-id=\"a93bea1\" data-element_type=\"widget\" data-e-type=\"widget\" data-widget_type=\"spacer.default\">\n\t\t\t\t\t\t\t<div class=\"elementor-spacer\">\n\t\t\t<div class=\"elementor-spacer-inner\"><\/div>\n\t\t<\/div>\n\t\t\t\t\t\t<\/div>\n\t\t\t\t\t<\/div>\n\t\t\t\t<\/div>\n\t\t<div class=\"elementor-element elementor-element-c0c3fe3 e-flex e-con-boxed e-con e-parent\" data-id=\"c0c3fe3\" data-element_type=\"container\" data-e-type=\"container\">\n\t\t\t\t\t<div class=\"e-con-inner\">\n\t\t\t\t<div class=\"elementor-element elementor-element-77ca6ab elementor-widget-divider--view-line elementor-widget elementor-widget-divider\" data-id=\"77ca6ab\" data-element_type=\"widget\" data-e-type=\"widget\" data-widget_type=\"divider.default\">\n\t\t\t\t\t\t\t<div class=\"elementor-divider\">\n\t\t\t<span class=\"elementor-divider-separator\">\n\t\t\t\t\t\t<\/span>\n\t\t<\/div>\n\t\t\t\t\t\t<\/div>\n\t\t\t\t\t<\/div>\n\t\t\t\t<\/div>\n\t\t<div class=\"elementor-element elementor-element-39aa440 e-flex e-con-boxed e-con e-parent\" data-id=\"39aa440\" data-element_type=\"container\" data-e-type=\"container\">\n\t\t\t\t\t<div class=\"e-con-inner\">\n\t\t\t\t<div class=\"elementor-element elementor-element-201ff38 elementor-widget elementor-widget-spacer\" data-id=\"201ff38\" data-element_type=\"widget\" data-e-type=\"widget\" data-widget_type=\"spacer.default\">\n\t\t\t\t\t\t\t<div class=\"elementor-spacer\">\n\t\t\t<div class=\"elementor-spacer-inner\"><\/div>\n\t\t<\/div>\n\t\t\t\t\t\t<\/div>\n\t\t\t\t<div class=\"elementor-element elementor-element-a9ed50a elementor-widget elementor-widget-heading\" data-id=\"a9ed50a\" data-element_type=\"widget\" data-e-type=\"widget\" data-widget_type=\"heading.default\">\n\t\t\t\t\t<h2 class=\"elementor-heading-title elementor-size-default\">L'iniziativa il sito del mese<\/h2>\t\t\t\t<\/div>\n\t\t\t\t<div class=\"elementor-element elementor-element-89db911 elementor-widget elementor-widget-text-editor\" data-id=\"89db911\" data-element_type=\"widget\" data-e-type=\"widget\" data-widget_type=\"text-editor.default\">\n\t\t\t\t\t\t\t\t\t<p>Un elemento centrale della vita di una community tech, \u00e8 la condivisione di conoscenza e di buone pratiche. \u00c8 con questo spirito che nasce l&#8217;iniziativa de <b>Il<\/b>\u00a0<strong>sito del mese.<\/strong><\/p>\n<p><!-- \/wp:paragraph --><!-- wp:paragraph --><\/p>\n<p>Lo scopo \u00e8 quello di raccogliere esempi di siti, realizzati con il Site Builder, oppure che usano uno degli altri prodotti di Elementor, che possano ispirare chi, come te, realizza siti per professione o per diletto.<\/p>\n<p><!-- \/wp:paragraph --><!-- wp:paragraph --><\/p>\n<p><!-- \/wp:paragraph --><!-- wp:paragraph --><\/p>\n<p><!-- \/wp:paragraph --><\/p>\t\t\t\t\t\t\t\t<\/div>\n\t\t\t\t<div class=\"elementor-element elementor-element-7468e42 elementor-align-center elementor-widget elementor-widget-button\" data-id=\"7468e42\" data-element_type=\"widget\" data-e-type=\"widget\" data-widget_type=\"button.default\">\n\t\t\t\t\t\t\t\t\t\t<a class=\"elementor-button elementor-button-link elementor-size-sm\" href=\"https:\/\/elementor.com\/community\/it\/sito-web-del-mese-mostra-cosa-e-possibile-fare-con-elementor\/\">\n\t\t\t\t\t\t<span class=\"elementor-button-content-wrapper\">\n\t\t\t\t\t\t\t\t\t<span class=\"elementor-button-text\">Scopri di pi\u00f9 sull'iniziativa e sui criteri di selezione<\/span>\n\t\t\t\t\t<\/span>\n\t\t\t\t\t<\/a>\n\t\t\t\t\t\t\t\t<\/div>\n\t\t\t\t<div class=\"elementor-element elementor-element-bdbe7fb elementor-widget elementor-widget-spacer\" data-id=\"bdbe7fb\" data-element_type=\"widget\" data-e-type=\"widget\" data-widget_type=\"spacer.default\">\n\t\t\t\t\t\t\t<div class=\"elementor-spacer\">\n\t\t\t<div class=\"elementor-spacer-inner\"><\/div>\n\t\t<\/div>\n\t\t\t\t\t\t<\/div>\n\t\t\t\t<div class=\"elementor-element elementor-element-e9bca59 elementor-align-center elementor-widget elementor-widget-button\" data-id=\"e9bca59\" data-element_type=\"widget\" data-e-type=\"widget\" data-widget_type=\"button.default\">\n\t\t\t\t\t\t\t\t\t\t<a class=\"elementor-button elementor-button-link elementor-size-sm\" href=\"https:\/\/docs.google.com\/forms\/d\/e\/1FAIpQLSe-V_ttRqVcqDr5I1pNl1W4d0wiUZCHn6bGEMUx-Nnsb66cCg\/viewform?usp=sharing&#038;ouid=117914229182875435805\">\n\t\t\t\t\t\t<span class=\"elementor-button-content-wrapper\">\n\t\t\t\t\t\t\t\t\t<span class=\"elementor-button-text\">Vuoi candidare un sito? Compila il questionario!<\/span>\n\t\t\t\t\t<\/span>\n\t\t\t\t\t<\/a>\n\t\t\t\t\t\t\t\t<\/div>\n\t\t\t\t\t<\/div>\n\t\t\t\t<\/div>\n\t\t<div class=\"elementor-element elementor-element-2b6059e2 e-flex e-con-boxed e-con e-parent\" data-id=\"2b6059e2\" data-element_type=\"container\" data-e-type=\"container\">\n\t\t\t\t\t<div class=\"e-con-inner\">\n\t\t\t\t<div class=\"elementor-element elementor-element-563840eb elementor-widget elementor-widget-global elementor-global-237 elementor-widget-heading\" data-id=\"563840eb\" data-element_type=\"widget\" data-e-type=\"widget\" data-widget_type=\"heading.default\">\n\t\t\t\t\t<h2 class=\"elementor-heading-title elementor-size-default\">Community<\/h2>\t\t\t\t<\/div>\n\t\t\t\t<div class=\"elementor-element elementor-element-6a3459b6 elementor-widget elementor-widget-text-editor\" data-id=\"6a3459b6\" data-element_type=\"widget\" data-e-type=\"widget\" data-widget_type=\"text-editor.default\">\n\t\t\t\t\t\t\t\t\t<p><span style=\"font-weight: 400;\">Tra gli obiettivi del progetto Elementor Italia c\u2019\u00e8 il rafforzamento della community, online e offline.\u00a0<\/span><\/p><p><span style=\"font-weight: 400;\">Se ti interessa partecipare al progetto (per esempio essere fra chi pubblica articoli sul blog italiano oppure organizzare un evento in presenza sul tuo territorio), scrivi a Laura Sacco, lauras@elementor.com.<\/span><\/p><p>Se vuoi raccontarci chi sei, cosa fai e dare la tua disponibilit\u00e0 a contribuire alla community italiana di Elementor, <a href=\"https:\/\/forms.gle\/KfPujQ6jyWzEgauz6\">puoi rispondere al questionario<\/a>. Ci aiuterai a rendere la community ancora pi\u00f9 attiva, vivace e utile!<\/p><p>Se vuoi ricevere aggiornamenti in tempo reale del progetto Elementor Italia, <a href=\"https:\/\/whatsapp.com\/channel\/0029VbBRakcF6smvcF8UxE3R\">puoi iscriverti all&#8217;omonimo canale WhatsApp<\/a>.<\/p>\t\t\t\t\t\t\t\t<\/div>\n\t\t\t\t<div class=\"elementor-element elementor-element-6051c17 elementor-widget elementor-widget-spacer\" data-id=\"6051c17\" data-element_type=\"widget\" data-e-type=\"widget\" data-widget_type=\"spacer.default\">\n\t\t\t\t\t\t\t<div class=\"elementor-spacer\">\n\t\t\t<div class=\"elementor-spacer-inner\"><\/div>\n\t\t<\/div>\n\t\t\t\t\t\t<\/div>\n\t\t\t\t\t<\/div>\n\t\t\t\t<\/div>\n\t\t<div class=\"elementor-element elementor-element-c7ee1a6 e-flex e-con-boxed e-con e-parent\" data-id=\"c7ee1a6\" data-element_type=\"container\" data-e-type=\"container\">\n\t\t\t\t\t<div class=\"e-con-inner\">\n\t\t\t\t<div class=\"elementor-element elementor-element-3f759086 elementor-widget elementor-widget-heading\" data-id=\"3f759086\" data-element_type=\"widget\" data-e-type=\"widget\" data-widget_type=\"heading.default\">\n\t\t\t\t\t<h2 class=\"elementor-heading-title elementor-size-default\">Agenzie<\/h2>\t\t\t\t<\/div>\n\t\t\t\t<div class=\"elementor-element elementor-element-16277a36 elementor-widget elementor-widget-text-editor\" data-id=\"16277a36\" data-element_type=\"widget\" data-e-type=\"widget\" data-widget_type=\"text-editor.default\">\n\t\t\t\t\t\t\t\t\t<p>Stiamo progettando un nuovo programma. Se sei titolare di un&#8217;agenzia o di un&#8217;attivit\u00e0 in proprio di creazione di siti web, <a href=\"https:\/\/elementor.com\/pages\/italian-agencies-survey-it\/\">compila il nostro questionario:<\/a> ci aiuterai a creare un programma adatto alle tue esigenze!<\/p>\t\t\t\t\t\t\t\t<\/div>\n\t\t\t\t\t<\/div>\n\t\t\t\t<\/div>\n\t\t\t\t<\/div>\n\t\t","protected":false},"excerpt":{"rendered":"<p>Il sito del mese di ottobre 2025 \u00e8 quello del Film Festival di Carbonia.<br \/>\nUn design colorato, in linea con e che ben rappresenta l&#8217;immagine visiva dell&#8217;edizione del Festival del 2025.<\/p>\n","protected":false},"author":3,"featured_media":300,"comment_status":"open","ping_status":"open","sticky":false,"template":"","format":"standard","meta":{"_acf_changed":false,"_angie_page":false,"page_builder":"","footnotes":""},"categories":[16,32],"tags":[],"class_list":["post-382","post","type-post","status-publish","format-standard","has-post-thumbnail","hentry","category-community","category-sito-del-mese"],"acf":[],"yoast_head":"<!-- This site is optimized with the Yoast SEO plugin v27.5 - https:\/\/yoast.com\/product\/yoast-seo-wordpress\/ -->\n<title>Il sito del mese di ottobre 2025 \u00e8... - Elementor Italia blog<\/title>\n<meta name=\"robots\" content=\"index, follow, max-snippet:-1, max-image-preview:large, max-video-preview:-1\" \/>\n<link rel=\"canonical\" href=\"https:\/\/elementor.com\/community\/it\/sito-del-mese-di-ottobre-2025\/\" \/>\n<meta property=\"og:locale\" content=\"it_IT\" \/>\n<meta property=\"og:type\" content=\"article\" \/>\n<meta property=\"og:title\" content=\"Il sito del mese di ottobre 2025 \u00e8... - Elementor Italia blog\" \/>\n<meta property=\"og:description\" content=\"Il sito del mese di ottobre 2025 \u00e8 quello del Film Festival di Carbonia. Un design colorato, in linea con e che ben rappresenta l&#039;immagine visiva dell&#039;edizione del Festival del 2025.\" \/>\n<meta property=\"og:url\" content=\"https:\/\/elementor.com\/community\/it\/sito-del-mese-di-ottobre-2025\/\" \/>\n<meta property=\"og:site_name\" content=\"Elementor Italia blog\" \/>\n<meta property=\"article:published_time\" content=\"2025-11-03T10:07:13+00:00\" \/>\n<meta property=\"article:modified_time\" content=\"2025-11-17T09:56:17+00:00\" \/>\n<meta property=\"og:image\" content=\"https:\/\/elementor.com\/community\/it\/wp-content\/uploads\/2025\/09\/Sito-del-mese-ottobre-2025.webp\" \/>\n\t<meta property=\"og:image:width\" content=\"1408\" \/>\n\t<meta property=\"og:image:height\" content=\"736\" \/>\n\t<meta property=\"og:image:type\" content=\"image\/webp\" \/>\n<meta name=\"author\" content=\"Laura Sacco\" \/>\n<meta name=\"twitter:card\" content=\"summary_large_image\" \/>\n<meta name=\"twitter:label1\" content=\"Scritto da\" \/>\n\t<meta name=\"twitter:data1\" content=\"Laura Sacco\" \/>\n\t<meta name=\"twitter:label2\" content=\"Tempo di lettura stimato\" \/>\n\t<meta name=\"twitter:data2\" content=\"4 minuti\" \/>\n<script type=\"application\/ld+json\" class=\"yoast-schema-graph\">{\"@context\":\"https:\\\/\\\/schema.org\",\"@graph\":[{\"@type\":\"Article\",\"@id\":\"https:\\\/\\\/elementor.com\\\/community\\\/it\\\/sito-del-mese-di-ottobre-2025\\\/#article\",\"isPartOf\":{\"@id\":\"https:\\\/\\\/elementor.com\\\/community\\\/it\\\/sito-del-mese-di-ottobre-2025\\\/\"},\"author\":{\"name\":\"Laura Sacco\",\"@id\":\"https:\\\/\\\/elementor.com\\\/community\\\/it\\\/#\\\/schema\\\/person\\\/f9df483f55cb3bd210add5d365c5c43b\"},\"headline\":\"Il sito del mese di ottobre 2025 \u00e8&#8230;\",\"datePublished\":\"2025-11-03T10:07:13+00:00\",\"dateModified\":\"2025-11-17T09:56:17+00:00\",\"mainEntityOfPage\":{\"@id\":\"https:\\\/\\\/elementor.com\\\/community\\\/it\\\/sito-del-mese-di-ottobre-2025\\\/\"},\"wordCount\":626,\"commentCount\":0,\"publisher\":{\"@id\":\"https:\\\/\\\/elementor.com\\\/community\\\/it\\\/#organization\"},\"image\":{\"@id\":\"https:\\\/\\\/elementor.com\\\/community\\\/it\\\/sito-del-mese-di-ottobre-2025\\\/#primaryimage\"},\"thumbnailUrl\":\"https:\\\/\\\/elementor.com\\\/community\\\/it\\\/wp-content\\\/uploads\\\/2025\\\/09\\\/Sito-del-mese-ottobre-2025.webp\",\"articleSection\":[\"Community\",\"Sito del mese\"],\"inLanguage\":\"it-IT\",\"potentialAction\":[{\"@type\":\"CommentAction\",\"name\":\"Comment\",\"target\":[\"https:\\\/\\\/elementor.com\\\/community\\\/it\\\/sito-del-mese-di-ottobre-2025\\\/#respond\"]}]},{\"@type\":\"WebPage\",\"@id\":\"https:\\\/\\\/elementor.com\\\/community\\\/it\\\/sito-del-mese-di-ottobre-2025\\\/\",\"url\":\"https:\\\/\\\/elementor.com\\\/community\\\/it\\\/sito-del-mese-di-ottobre-2025\\\/\",\"name\":\"Il sito del mese di ottobre 2025 \u00e8... - Elementor Italia blog\",\"isPartOf\":{\"@id\":\"https:\\\/\\\/elementor.com\\\/community\\\/it\\\/#website\"},\"primaryImageOfPage\":{\"@id\":\"https:\\\/\\\/elementor.com\\\/community\\\/it\\\/sito-del-mese-di-ottobre-2025\\\/#primaryimage\"},\"image\":{\"@id\":\"https:\\\/\\\/elementor.com\\\/community\\\/it\\\/sito-del-mese-di-ottobre-2025\\\/#primaryimage\"},\"thumbnailUrl\":\"https:\\\/\\\/elementor.com\\\/community\\\/it\\\/wp-content\\\/uploads\\\/2025\\\/09\\\/Sito-del-mese-ottobre-2025.webp\",\"datePublished\":\"2025-11-03T10:07:13+00:00\",\"dateModified\":\"2025-11-17T09:56:17+00:00\",\"breadcrumb\":{\"@id\":\"https:\\\/\\\/elementor.com\\\/community\\\/it\\\/sito-del-mese-di-ottobre-2025\\\/#breadcrumb\"},\"inLanguage\":\"it-IT\",\"potentialAction\":[{\"@type\":\"ReadAction\",\"target\":[\"https:\\\/\\\/elementor.com\\\/community\\\/it\\\/sito-del-mese-di-ottobre-2025\\\/\"]}]},{\"@type\":\"ImageObject\",\"inLanguage\":\"it-IT\",\"@id\":\"https:\\\/\\\/elementor.com\\\/community\\\/it\\\/sito-del-mese-di-ottobre-2025\\\/#primaryimage\",\"url\":\"https:\\\/\\\/elementor.com\\\/community\\\/it\\\/wp-content\\\/uploads\\\/2025\\\/09\\\/Sito-del-mese-ottobre-2025.webp\",\"contentUrl\":\"https:\\\/\\\/elementor.com\\\/community\\\/it\\\/wp-content\\\/uploads\\\/2025\\\/09\\\/Sito-del-mese-ottobre-2025.webp\",\"width\":1408,\"height\":736,\"caption\":\"Immagine decorativa, con il Titolo Sito del mese di ottobre 2025\"},{\"@type\":\"BreadcrumbList\",\"@id\":\"https:\\\/\\\/elementor.com\\\/community\\\/it\\\/sito-del-mese-di-ottobre-2025\\\/#breadcrumb\",\"itemListElement\":[{\"@type\":\"ListItem\",\"position\":1,\"name\":\"Home\",\"item\":\"https:\\\/\\\/elementor.com\\\/community\\\/it\\\/\"},{\"@type\":\"ListItem\",\"position\":2,\"name\":\"Il sito del mese di ottobre 2025 \u00e8&#8230;\"}]},{\"@type\":\"WebSite\",\"@id\":\"https:\\\/\\\/elementor.com\\\/community\\\/it\\\/#website\",\"url\":\"https:\\\/\\\/elementor.com\\\/community\\\/it\\\/\",\"name\":\"Elementor Italia blog\",\"description\":\"\",\"publisher\":{\"@id\":\"https:\\\/\\\/elementor.com\\\/community\\\/it\\\/#organization\"},\"potentialAction\":[{\"@type\":\"SearchAction\",\"target\":{\"@type\":\"EntryPoint\",\"urlTemplate\":\"https:\\\/\\\/elementor.com\\\/community\\\/it\\\/?s={search_term_string}\"},\"query-input\":{\"@type\":\"PropertyValueSpecification\",\"valueRequired\":true,\"valueName\":\"search_term_string\"}}],\"inLanguage\":\"it-IT\"},{\"@type\":\"Organization\",\"@id\":\"https:\\\/\\\/elementor.com\\\/community\\\/it\\\/#organization\",\"name\":\"Elementor Community | IT\",\"url\":\"https:\\\/\\\/elementor.com\\\/community\\\/it\\\/\",\"logo\":{\"@type\":\"ImageObject\",\"inLanguage\":\"it-IT\",\"@id\":\"https:\\\/\\\/elementor.com\\\/community\\\/it\\\/#\\\/schema\\\/logo\\\/image\\\/\",\"url\":\"https:\\\/\\\/elementor.com\\\/community\\\/it\\\/wp-content\\\/uploads\\\/2025\\\/09\\\/logo.webp\",\"contentUrl\":\"https:\\\/\\\/elementor.com\\\/community\\\/it\\\/wp-content\\\/uploads\\\/2025\\\/09\\\/logo.webp\",\"width\":1080,\"height\":1080,\"caption\":\"Elementor Community | IT\"},\"image\":{\"@id\":\"https:\\\/\\\/elementor.com\\\/community\\\/it\\\/#\\\/schema\\\/logo\\\/image\\\/\"}},{\"@type\":\"Person\",\"@id\":\"https:\\\/\\\/elementor.com\\\/community\\\/it\\\/#\\\/schema\\\/person\\\/f9df483f55cb3bd210add5d365c5c43b\",\"name\":\"Laura Sacco\",\"image\":{\"@type\":\"ImageObject\",\"inLanguage\":\"it-IT\",\"@id\":\"https:\\\/\\\/secure.gravatar.com\\\/avatar\\\/bc643bd972ea0ffdc0679c6da79d47e3b89743bd554200e1e0b8e6dd6a5245b8?s=96&d=mm&r=g\",\"url\":\"https:\\\/\\\/secure.gravatar.com\\\/avatar\\\/bc643bd972ea0ffdc0679c6da79d47e3b89743bd554200e1e0b8e6dd6a5245b8?s=96&d=mm&r=g\",\"contentUrl\":\"https:\\\/\\\/secure.gravatar.com\\\/avatar\\\/bc643bd972ea0ffdc0679c6da79d47e3b89743bd554200e1e0b8e6dd6a5245b8?s=96&d=mm&r=g\",\"caption\":\"Laura Sacco\"},\"description\":\"Mentore Digitale\u00ae e consulente per nuove imprese, con la passione dell\u2019organizzazione aziendale e della comunicazione. Oggi, anche Partners Manager a Elementor. Nel 2016 si avvicina alla community italiana di WordPress ed \u00e8 colpo di fulmine. Da allora contribuisce attivamente al suo sviluppo, principalmente nel team polyglots, e nell\u2019organizzazione di Meetup e WordCamp. Curiosa esploratrice di tutto ci\u00f2 che \u00e8 digitale, pensa che la tecnologia aiuti le persone a vivere meglio e a liberare tempi e spazi per le proprie passioni. Crede che la realt\u00e0 dipenda dalla prospettiva e che le fiabe siano vere.\",\"url\":\"https:\\\/\\\/elementor.com\\\/community\\\/it\\\/author\\\/lauras\\\/\"}]}<\/script>\n<!-- \/ Yoast SEO plugin. -->","yoast_head_json":{"title":"Il sito del mese di ottobre 2025 \u00e8... - Elementor Italia blog","robots":{"index":"index","follow":"follow","max-snippet":"max-snippet:-1","max-image-preview":"max-image-preview:large","max-video-preview":"max-video-preview:-1"},"canonical":"https:\/\/elementor.com\/community\/it\/sito-del-mese-di-ottobre-2025\/","og_locale":"it_IT","og_type":"article","og_title":"Il sito del mese di ottobre 2025 \u00e8... - Elementor Italia blog","og_description":"Il sito del mese di ottobre 2025 \u00e8 quello del Film Festival di Carbonia. Un design colorato, in linea con e che ben rappresenta l'immagine visiva dell'edizione del Festival del 2025.","og_url":"https:\/\/elementor.com\/community\/it\/sito-del-mese-di-ottobre-2025\/","og_site_name":"Elementor Italia blog","article_published_time":"2025-11-03T10:07:13+00:00","article_modified_time":"2025-11-17T09:56:17+00:00","og_image":[{"width":1408,"height":736,"url":"https:\/\/elementor.com\/community\/it\/wp-content\/uploads\/2025\/09\/Sito-del-mese-ottobre-2025.webp","type":"image\/webp"}],"author":"Laura Sacco","twitter_card":"summary_large_image","twitter_misc":{"Scritto da":"Laura Sacco","Tempo di lettura stimato":"4 minuti"},"schema":{"@context":"https:\/\/schema.org","@graph":[{"@type":"Article","@id":"https:\/\/elementor.com\/community\/it\/sito-del-mese-di-ottobre-2025\/#article","isPartOf":{"@id":"https:\/\/elementor.com\/community\/it\/sito-del-mese-di-ottobre-2025\/"},"author":{"name":"Laura Sacco","@id":"https:\/\/elementor.com\/community\/it\/#\/schema\/person\/f9df483f55cb3bd210add5d365c5c43b"},"headline":"Il sito del mese di ottobre 2025 \u00e8&#8230;","datePublished":"2025-11-03T10:07:13+00:00","dateModified":"2025-11-17T09:56:17+00:00","mainEntityOfPage":{"@id":"https:\/\/elementor.com\/community\/it\/sito-del-mese-di-ottobre-2025\/"},"wordCount":626,"commentCount":0,"publisher":{"@id":"https:\/\/elementor.com\/community\/it\/#organization"},"image":{"@id":"https:\/\/elementor.com\/community\/it\/sito-del-mese-di-ottobre-2025\/#primaryimage"},"thumbnailUrl":"https:\/\/elementor.com\/community\/it\/wp-content\/uploads\/2025\/09\/Sito-del-mese-ottobre-2025.webp","articleSection":["Community","Sito del mese"],"inLanguage":"it-IT","potentialAction":[{"@type":"CommentAction","name":"Comment","target":["https:\/\/elementor.com\/community\/it\/sito-del-mese-di-ottobre-2025\/#respond"]}]},{"@type":"WebPage","@id":"https:\/\/elementor.com\/community\/it\/sito-del-mese-di-ottobre-2025\/","url":"https:\/\/elementor.com\/community\/it\/sito-del-mese-di-ottobre-2025\/","name":"Il sito del mese di ottobre 2025 \u00e8... - Elementor Italia blog","isPartOf":{"@id":"https:\/\/elementor.com\/community\/it\/#website"},"primaryImageOfPage":{"@id":"https:\/\/elementor.com\/community\/it\/sito-del-mese-di-ottobre-2025\/#primaryimage"},"image":{"@id":"https:\/\/elementor.com\/community\/it\/sito-del-mese-di-ottobre-2025\/#primaryimage"},"thumbnailUrl":"https:\/\/elementor.com\/community\/it\/wp-content\/uploads\/2025\/09\/Sito-del-mese-ottobre-2025.webp","datePublished":"2025-11-03T10:07:13+00:00","dateModified":"2025-11-17T09:56:17+00:00","breadcrumb":{"@id":"https:\/\/elementor.com\/community\/it\/sito-del-mese-di-ottobre-2025\/#breadcrumb"},"inLanguage":"it-IT","potentialAction":[{"@type":"ReadAction","target":["https:\/\/elementor.com\/community\/it\/sito-del-mese-di-ottobre-2025\/"]}]},{"@type":"ImageObject","inLanguage":"it-IT","@id":"https:\/\/elementor.com\/community\/it\/sito-del-mese-di-ottobre-2025\/#primaryimage","url":"https:\/\/elementor.com\/community\/it\/wp-content\/uploads\/2025\/09\/Sito-del-mese-ottobre-2025.webp","contentUrl":"https:\/\/elementor.com\/community\/it\/wp-content\/uploads\/2025\/09\/Sito-del-mese-ottobre-2025.webp","width":1408,"height":736,"caption":"Immagine decorativa, con il Titolo Sito del mese di ottobre 2025"},{"@type":"BreadcrumbList","@id":"https:\/\/elementor.com\/community\/it\/sito-del-mese-di-ottobre-2025\/#breadcrumb","itemListElement":[{"@type":"ListItem","position":1,"name":"Home","item":"https:\/\/elementor.com\/community\/it\/"},{"@type":"ListItem","position":2,"name":"Il sito del mese di ottobre 2025 \u00e8&#8230;"}]},{"@type":"WebSite","@id":"https:\/\/elementor.com\/community\/it\/#website","url":"https:\/\/elementor.com\/community\/it\/","name":"Elementor Italia blog","description":"","publisher":{"@id":"https:\/\/elementor.com\/community\/it\/#organization"},"potentialAction":[{"@type":"SearchAction","target":{"@type":"EntryPoint","urlTemplate":"https:\/\/elementor.com\/community\/it\/?s={search_term_string}"},"query-input":{"@type":"PropertyValueSpecification","valueRequired":true,"valueName":"search_term_string"}}],"inLanguage":"it-IT"},{"@type":"Organization","@id":"https:\/\/elementor.com\/community\/it\/#organization","name":"Elementor Community | IT","url":"https:\/\/elementor.com\/community\/it\/","logo":{"@type":"ImageObject","inLanguage":"it-IT","@id":"https:\/\/elementor.com\/community\/it\/#\/schema\/logo\/image\/","url":"https:\/\/elementor.com\/community\/it\/wp-content\/uploads\/2025\/09\/logo.webp","contentUrl":"https:\/\/elementor.com\/community\/it\/wp-content\/uploads\/2025\/09\/logo.webp","width":1080,"height":1080,"caption":"Elementor Community | IT"},"image":{"@id":"https:\/\/elementor.com\/community\/it\/#\/schema\/logo\/image\/"}},{"@type":"Person","@id":"https:\/\/elementor.com\/community\/it\/#\/schema\/person\/f9df483f55cb3bd210add5d365c5c43b","name":"Laura Sacco","image":{"@type":"ImageObject","inLanguage":"it-IT","@id":"https:\/\/secure.gravatar.com\/avatar\/bc643bd972ea0ffdc0679c6da79d47e3b89743bd554200e1e0b8e6dd6a5245b8?s=96&d=mm&r=g","url":"https:\/\/secure.gravatar.com\/avatar\/bc643bd972ea0ffdc0679c6da79d47e3b89743bd554200e1e0b8e6dd6a5245b8?s=96&d=mm&r=g","contentUrl":"https:\/\/secure.gravatar.com\/avatar\/bc643bd972ea0ffdc0679c6da79d47e3b89743bd554200e1e0b8e6dd6a5245b8?s=96&d=mm&r=g","caption":"Laura Sacco"},"description":"Mentore Digitale\u00ae e consulente per nuove imprese, con la passione dell\u2019organizzazione aziendale e della comunicazione. Oggi, anche Partners Manager a Elementor. Nel 2016 si avvicina alla community italiana di WordPress ed \u00e8 colpo di fulmine. Da allora contribuisce attivamente al suo sviluppo, principalmente nel team polyglots, e nell\u2019organizzazione di Meetup e WordCamp. Curiosa esploratrice di tutto ci\u00f2 che \u00e8 digitale, pensa che la tecnologia aiuti le persone a vivere meglio e a liberare tempi e spazi per le proprie passioni. Crede che la realt\u00e0 dipenda dalla prospettiva e che le fiabe siano vere.","url":"https:\/\/elementor.com\/community\/it\/author\/lauras\/"}]}},"_links":{"self":[{"href":"https:\/\/elementor.com\/community\/it\/wp-json\/wp\/v2\/posts\/382","targetHints":{"allow":["GET"]}}],"collection":[{"href":"https:\/\/elementor.com\/community\/it\/wp-json\/wp\/v2\/posts"}],"about":[{"href":"https:\/\/elementor.com\/community\/it\/wp-json\/wp\/v2\/types\/post"}],"author":[{"embeddable":true,"href":"https:\/\/elementor.com\/community\/it\/wp-json\/wp\/v2\/users\/3"}],"replies":[{"embeddable":true,"href":"https:\/\/elementor.com\/community\/it\/wp-json\/wp\/v2\/comments?post=382"}],"version-history":[{"count":25,"href":"https:\/\/elementor.com\/community\/it\/wp-json\/wp\/v2\/posts\/382\/revisions"}],"predecessor-version":[{"id":439,"href":"https:\/\/elementor.com\/community\/it\/wp-json\/wp\/v2\/posts\/382\/revisions\/439"}],"wp:featuredmedia":[{"embeddable":true,"href":"https:\/\/elementor.com\/community\/it\/wp-json\/wp\/v2\/media\/300"}],"wp:attachment":[{"href":"https:\/\/elementor.com\/community\/it\/wp-json\/wp\/v2\/media?parent=382"}],"wp:term":[{"taxonomy":"category","embeddable":true,"href":"https:\/\/elementor.com\/community\/it\/wp-json\/wp\/v2\/categories?post=382"},{"taxonomy":"post_tag","embeddable":true,"href":"https:\/\/elementor.com\/community\/it\/wp-json\/wp\/v2\/tags?post=382"}],"curies":[{"name":"wp","href":"https:\/\/api.w.org\/{rel}","templated":true}]}}