{"id":112,"date":"2025-09-17T19:04:15","date_gmt":"2025-09-17T17:04:15","guid":{"rendered":"https:\/\/elementor.com\/community\/it\/?p=112"},"modified":"2025-12-18T18:10:11","modified_gmt":"2025-12-18T17:10:11","slug":"migliorare-laccessibilita-dei-siti-con-ally","status":"publish","type":"post","link":"https:\/\/elementor.com\/community\/it\/migliorare-laccessibilita-dei-siti-con-ally\/","title":{"rendered":"Migliorare l&#8217;accessibilit\u00e0 dei siti con Ally"},"content":{"rendered":"\n<p>Un sito \u00e8 accessibile quando \u00e8 progettato e sviluppato per essere utilizzato da qualsiasi persona, a prescindere dalle sue caratteristiche psicofisiche e dal dispositivo che usa.<\/p>\n\n\n\n<p>Per garantire questo, esistono standard e linee guida. Quelle pi\u00f9 note per l&#8217;accessibilit\u00e0 web sono le WCAG (Web Content Accessibility Guidelines) definite dal W3C (World Wide Web Consortium).<br>Al momento, <a href=\"https:\/\/www.w3.org\/Translations\/WCAG22-it\/\">la versione pi\u00f9 recente e rilevante delle WCAG \u00e8 la 2.2<\/a>, ed \u00e8 gi\u00e0 in avanzato stato di sviluppo <a href=\"https:\/\/www.w3.org\/TR\/wcag-3.0\/\">la versione 3.0<\/a>.<\/p>\n\n\n\n<h2 class=\"wp-block-heading\" id=\"video\">Rivedi il video dell&#8217;evento<\/h2>\n\n\n\n<div style=\"position: relative; padding-bottom: 56.25%; height: 0;\"><iframe src=\"https:\/\/www.loom.com\/embed\/86dcd4801e3c469898dc52df08705efb?sid=ec36ade2-6dc4-41d4-b30d-24392de2212e\" frameborder=\"0\" webkitallowfullscreen mozallowfullscreen allowfullscreen style=\"position: absolute; top: 0; left: 0; width: 100%; height: 100%;\"><\/iframe><\/div>\n\n\n\n<h2 class=\"wp-block-heading\"><strong>L\u2019accessibilit\u00e0 dei siti web: perch\u00e9 ora?<\/strong><\/h2>\n\n\n\n<p>L&#8217;accessibilit\u00e0 dei siti \u00e8 uno degli elementi fondamentali dell&#8217;Esperienza Utente (User Experience o UX). Permettere un&#8217;esperienza di navigazione fluida a tutte le persone, a prescindere dalle loro diversit\u00e0, aumenta il traffico e, spesso, \u00e8 l&#8217;elemento che garantisce il successo o meno di un sito.<\/p>\n\n\n\n<p>Un&#8217;Esperienza Utente positiva \u00e8, inoltre, un fattore che i motori di ricerca premiano, migliorando potenzialmente le prestazioni di un sito nei risultati di ricerca ed \u00e8 misurata dai <a href=\"https:\/\/developers.google.com\/search\/docs\/appearance\/core-web-vitals?hl=it\">Core Web Vitals<\/a> di Google.<\/p>\n\n\n\n<h3 class=\"wp-block-heading\">L&#8217;accessibilit\u00e0 come obbligo<\/h3>\n\n\n\n<p>Oggi, per\u00f2, il tema dell&#8217;accessibilit\u00e0 assume un rilievo maggiore a seguito dell&#8217;entrata in vigore dell&#8217;<a href=\"https:\/\/sitiaccessibili.it\/images\/blog\/pdf\/decreto_che_recepisce_EAA.pdf\">EAA (European Accessibility Act)<\/a> 2025, recepito e attuato in Italia con il <a href=\"https:\/\/sitiaccessibili.it\/images\/blog\/pdf\/decreto_che_recepisce_EAA.pdf\" target=\"_blank\" rel=\"noreferrer noopener\">Decreto di attuazione emanato dal Governo italiano e scaricabile qui in pdf<\/a>.<\/p>\n\n\n\n<p>La legge europea diventa vincolante per tutti i paesi membri e interessa milioni di siti. Tutti gli operatori economici e tutti i prodotti e i servizi digitali sono soggetti in qualche modo all&#8217;Accessibility Act, se non altro per quanto riguarda i siti web e la comunicazione digitale: l&#8217;unica deroga totale \u00e8 riservata alle microimprese.<sup data-fn=\"bae9d42e-bf19-4d4b-90d5-df4e35724068\" class=\"fn\"><a id=\"bae9d42e-bf19-4d4b-90d5-df4e35724068-link\" href=\"#bae9d42e-bf19-4d4b-90d5-df4e35724068\">1<\/a><\/sup><\/p>\n\n\n\n<p>La normativa prevede sanzioni per chi non \u00e8 in regola e le cause legali relative all&#8217;accessibilit\u00e0 dei siti web sono in aumento in tutto il mondo. Rendere il proprio sito accessibile, dunque, \u00e8 un obbligo a cui non ci si pu\u00f2 pi\u00f9 astenere di assolvere.<\/p>\n\n\n\n<h3 class=\"wp-block-heading\">L&#8217;accessibilit\u00e0 come opportunit\u00e0 e <em>impegno<\/em><\/h3>\n\n\n\n<p>Oggi un numero sempre maggiore di persone si aspetta siti web accessibili e facili da navigare e penalizza quelli che non lo sono, abbandonandone la navigazione. Questo pu\u00f2 comportare perdite economiche, soprattutto per i siti di e-commerce.<\/p>\n\n\n\n<p>Inoltre, siti non accessibili hanno un&#8217;influenza negativa sulla reputazione del brand. L&#8217;accessibilit\u00e0 \u00e8, come abbiamo detto, un elemento fondamentale per l&#8217;Esperienza Utente. Se il sito non \u00e8 accessibile, questo si riflette sull&#8217;immagine che il brand vuole trasmettere. Significa, in altre parole, che il brand non si cura del proprio pubblico.<\/p>\n\n\n\n<p>Ma c&#8217;\u00e8 di pi\u00f9. Creare siti accessibili e usabili da chiunque significa accogliere le molteplici diversit\u00e0 di cui le persone sono portatrici. Significa rimuovere le barriere digitali di accesso. Ed \u00e8, in definitiva, <em>un impegno a rendere internet un posto migliore<\/em>.<\/p>\n\n\n\n<h2 class=\"wp-block-heading\"><strong>L\u2019accessibilit\u00e0 dei siti web: chi \u00e8 responsabile e chi certifica?<\/strong><\/h2>\n\n\n\n<p>Sulla responsabilit\u00e0 dell&#8217;accessibilit\u00e0, la normativa \u00e8 chiara:<\/p>\n\n\n\n<blockquote class=\"wp-block-quote is-layout-flow wp-block-quote-is-layout-flow\">\n<p><strong>La responsabilit\u00e0 dell\u2019accessibilit\u00e0 del sito&nbsp;<\/strong><strong>\u00e8 a carico della <\/strong><strong>propriet\u00e0<\/strong><strong> del sito<\/strong><\/p>\n<\/blockquote>\n\n\n\n<p>\u00c8, dunque, chi ha la titolarit\u00e0 del sito che deve preoccuparsi che venga sviluppato seguendo i criteri di accessibilit\u00e0.<\/p>\n\n\n\n<p>La propriet\u00e0 del sito deve anche dichiarare quali sono le azioni intraprese per rendere il sito accessibile. Nella Dichiarazione di accessibilit\u00e0, pubblicata sul sito, occorre scrivere quali sono le misure prese per rendere il sito accessibile e qual \u00e8 l&#8217;impegno per il futuro.<\/p>\n\n\n\n<p>In pratica, non esiste un vero e proprio organo di certificazione. Possiamo considerare la Dichiarazione di accessibilit\u00e0 una sorta di autocertificazione.<\/p>\n\n\n\n<h2 class=\"wp-block-heading\">Cosa si pu\u00f2 fare per rendere il sito accessibile?<\/h2>\n\n\n\n<p>Per chi ha la propriet\u00e0 del sito, il primo passo \u00e8 chiedere a chi crea il sito di svilupparlo seguendo le regole dell&#8217;accessibilit\u00e0 e verificare che abbia rispettato le ultime linee guida WCAG.<\/p>\n\n\n\n<p>Per chi crea siti, una buona pratica \u00e8 sviluppare le competenze in materia di accessibilit\u00e0 o affidarsi a un servizio professionale specializzato.<\/p>\n\n\n\n<p>Ci sono, poi, diversi strumenti per controllare l&#8217;accessibilit\u00e0 di un sito, che sono gratuiti e usabili da tutti. Come, per esempio, <a href=\"https:\/\/chromewebstore.google.com\/detail\/lighthouse\/blipmdconlkpinefehnmjammfjpmpbjk?hl=it\">l&#8217;estensione per Chrome Lighthouse<\/a>, il test <a href=\"https:\/\/pagespeed.web.dev\/\">PageSpeed<\/a>, sempre di Google, <a href=\"https:\/\/wave.webaim.org\/\">WAVE<\/a>, <a href=\"https:\/\/userway.it\/accessibility-checker\">Userway<\/a>, solo per citarne qualcuno.<\/p>\n\n\n\n<p>E, infine ci sono i plugin che si possono installare direttamente nel proprio sito WordPress.<\/p>\n\n\n\n<h2 class=\"wp-block-heading\">Ally, la soluzione di Elementor per aiutare a migliorare l&#8217;accessibilit\u00e0 dei siti internet.<\/h2>\n\n\n\n<p>La missione di Elementor \u00e8 quella di supportare chi crea siti con strumenti utili a migliorare il loro flusso di lavoro. Oltre al pi\u00f9 famoso <a href=\"https:\/\/elementor.com\/it\/plugin-page-builder\/\">Site Builder<\/a> (anche chiamato Page Builder o Editor), ha sviluppato altri plugin tra cui <a href=\"https:\/\/elementor.com\/it\/ally-web-accessibility\/\">Ally, dedicato al tema dell&#8217;accessibilit\u00e0.<\/a><\/p>\n\n\n\n<p>\u00c8 un plugin che \u00e8 possibile <a href=\"https:\/\/it.wordpress.org\/plugins\/pojo-accessibility\/\">scaricare liberamente dal repository di WordPress<\/a> e funziona con qualsiasi configurazione di WordPress, quindi \u00e8 indipendente dall&#8217;uso del Site Builder di Elementor.<\/p>\n\n\n\n<p>Ally non solo ti aiuta nell\u2019identificazione dei problemi di accessibilit\u00e0, ma offre una guida passo a passo per la loro risoluzione! E, con un piano a pagamento, ti dice anche come risolvere i problemi, ti offre le possibili soluzioni e le applica con un clic.<\/p>\n\n\n\n<p>Ovviamente, come abbiamo detto prima, Ally NON certifica che il tuo sito \u00e8 a norma di accessibilit\u00e0, ma ti fornisce gli strumenti e le soluzioni per renderlo pi\u00f9 accessibile.<\/p>\n\n\n\n<h3 class=\"wp-block-heading\">Le principali funzionalit\u00e0 di Ally<\/h3>\n\n\n\n<p><strong>1. Ally Assistant<\/strong><\/p>\n\n\n\n<p>\u00c8 la funzionalit\u00e0 che ti permette di scansionare qualsiasi pagina del sito per individuare oltre 180 violazioni dell&#8217;accessibilit\u00e0 in base alle WCAG 2.1 AA.<\/p>\n\n\n\n<p>Dopo la scansione, ti spiega in modo chiaro quali sono i problemi e ti suggerisce correzioni guidate passo dopo passo per testo e codice.<\/p>\n\n\n\n<figure class=\"wp-block-embed is-type-video is-provider-youtube wp-block-embed-youtube wp-embed-aspect-16-9 wp-has-aspect-ratio\"><div class=\"wp-block-embed__wrapper\">\n<iframe title=\"Ally di Elementor: ora con Ally Assistant per rendere i siti WordPress pi\u00f9 accessibili\" width=\"800\" height=\"450\" src=\"https:\/\/www.youtube.com\/embed\/I-PhR3UUL4M?feature=oembed\" frameborder=\"0\" allow=\"accelerometer; autoplay; clipboard-write; encrypted-media; gyroscope; picture-in-picture; web-share\" referrerpolicy=\"strict-origin-when-cross-origin\" allowfullscreen><\/iframe>\n<\/div><\/figure>\n\n\n\n<p><br>Nella bacheca del plugin troverai anche una barra che traccia i progressi e ti d\u00e0 una visualizzazione chiara di quanti problemi sono ancora da risolvere.<\/p>\n\n\n\n<p><strong>2. Widget di usabilit\u00e0<\/strong><\/p>\n\n\n\n<p>Sul lato frontend, Ally ti offre un widget che puoi personalizzare in base al look&amp;feel del brand e del sito, e che consente a chi visita il sito di personalizzare la navigazione: regolazione della dimensione del testo, del contrasto, della spaziatura, della dimensione dei caratteri, delle modalit\u00e0 di colore. <\/p>\n\n\n\n<p>Offre anche opzioni per la navigazione da tastiera, la funzione metti in pausa le animazioni, quella per evidenziare i link o nascondere le immagini e altro ancora.<\/p>\n\n\n\n<p><strong>3. Generatore di dichiarazioni di accessibilit\u00e0<\/strong><\/p>\n\n\n\n<p>Come abbiamo visto, la certificazione dell&#8217;accessibilit\u00e0 di un sito \u00e8 nei fatti una autocertificazione e viene fatta attraverso la <a href=\"https:\/\/www.agid.gov.it\/it\/design-servizi\/accessibilita\/linee-guida-accessibilita-privati\">Dichiarazione di Accessibilit\u00e0<\/a>.<\/p>\n\n\n\n<p>Ally ti permette la creazione <em>con un clic<\/em> di una dichiarazione di accessibilit\u00e0 che potrai pubblicare sul tuo sito e segnalare nel widget di usabilit\u00e0.<\/p>\n\n\n\n<p>Il testo \u00e8  precompilato MA \u00e8 totalmente personalizzabile e modificabile prima della sua pubblicazione.<\/p>\n\n\n\n<hr class=\"wp-block-separator has-alpha-channel-opacity\"\/>\n\n\n\n<h2 class=\"wp-block-heading\">Le slide dell&#8217;evento online<\/h2>\n\n\n\n<div class=\"wp-block-file\"><a id=\"wp-block-file--media-d0d6fc77-47bd-461c-8e02-1bc899d9527f\" href=\"https:\/\/elementor.com\/community\/it\/wp-content\/uploads\/2025\/09\/Migliorare-laccessibilita-dei-siti-con-Ally-17_9_2025.pdf\">Migliorare l&#8217;accessibilita\u0300 dei siti con Ally &#8211; 17_9_2025<\/a><a href=\"https:\/\/elementor.com\/community\/it\/wp-content\/uploads\/2025\/09\/Migliorare-laccessibilita-dei-siti-con-Ally-17_9_2025.pdf\" class=\"wp-block-file__button wp-element-button\" download aria-describedby=\"wp-block-file--media-d0d6fc77-47bd-461c-8e02-1bc899d9527f\">Scarica il file pdf<\/a><\/div>\n\n\n\n<hr class=\"wp-block-separator has-alpha-channel-opacity\"\/>\n\n\n<ol class=\"wp-block-footnotes\"><li id=\"bae9d42e-bf19-4d4b-90d5-df4e35724068\">Per microimpresa si intende un\u2019impresa che occupa meno di 10 persone e realizza un fatturato annuo oppure un totale di bilancio annuo non superiore a 2 milioni di EUR <a href=\"#bae9d42e-bf19-4d4b-90d5-df4e35724068-link\" aria-label=\"Salta al riferimento nella nota a pi\u00e8 di pagina 1\">\u21a9\ufe0e<\/a><\/li><\/ol>","protected":false},"excerpt":{"rendered":"<p>L&#8217;accessibilit\u00e0 dei siti internet \u00e8 uno dei temi che chi crea siti deve affrontare nel proprio lavoro quotidiano. Ne abbiamo parlato durante il primo incontro online di Elementor Italia.<\/p>\n","protected":false},"author":3,"featured_media":113,"comment_status":"open","ping_status":"open","sticky":false,"template":"","format":"standard","meta":{"_acf_changed":false,"_angie_page":false,"page_builder":"","footnotes":"[{\"content\":\"Per microimpresa si intende un\u2019impresa che occupa meno di 10 persone e realizza un fatturato annuo oppure un totale di bilancio annuo non superiore a 2 milioni di EUR\",\"id\":\"bae9d42e-bf19-4d4b-90d5-df4e35724068\"}]"},"categories":[34,14],"tags":[],"class_list":["post-112","post","type-post","status-publish","format-standard","has-post-thumbnail","hentry","category-accessibilita","category-eventi"],"acf":[],"yoast_head":"<!-- This site is optimized with the Yoast SEO plugin v27.5 - https:\/\/yoast.com\/product\/yoast-seo-wordpress\/ -->\n<title>Migliorare l&#039;accessibilit\u00e0 dei siti con Ally - Elementor Italia blog<\/title>\n<meta name=\"description\" content=\"L&#039;accessibilit\u00e0 dei siti \u00e8 uno dei temi di maggiore attualit\u00e0. Ne abbiamo parlato durante il primo incontro online di Elementor Italia.\" \/>\n<meta name=\"robots\" content=\"index, follow, max-snippet:-1, max-image-preview:large, max-video-preview:-1\" \/>\n<link rel=\"canonical\" href=\"https:\/\/elementor.com\/community\/it\/migliorare-laccessibilita-dei-siti-con-ally\/\" \/>\n<meta property=\"og:locale\" content=\"it_IT\" \/>\n<meta property=\"og:type\" content=\"article\" \/>\n<meta property=\"og:title\" content=\"Migliorare l&#039;accessibilit\u00e0 dei siti con Ally - Elementor Italia blog\" \/>\n<meta property=\"og:description\" content=\"L&#039;accessibilit\u00e0 dei siti \u00e8 uno dei temi di maggiore attualit\u00e0. Ne abbiamo parlato durante il primo incontro online di Elementor Italia.\" \/>\n<meta property=\"og:url\" content=\"https:\/\/elementor.com\/community\/it\/migliorare-laccessibilita-dei-siti-con-ally\/\" \/>\n<meta property=\"og:site_name\" content=\"Elementor Italia blog\" \/>\n<meta property=\"article:published_time\" content=\"2025-09-17T17:04:15+00:00\" \/>\n<meta property=\"article:modified_time\" content=\"2025-12-18T17:10:11+00:00\" \/>\n<meta property=\"og:image\" content=\"https:\/\/elementor.com\/community\/it\/wp-content\/uploads\/2025\/09\/Blog-Post_Ally-Online-event-Italy_Sep-2025_1920-X-1008.webp\" \/>\n\t<meta property=\"og:image:width\" content=\"1920\" \/>\n\t<meta property=\"og:image:height\" content=\"1008\" \/>\n\t<meta property=\"og:image:type\" content=\"image\/webp\" \/>\n<meta name=\"author\" content=\"Laura Sacco\" \/>\n<meta name=\"twitter:card\" content=\"summary_large_image\" \/>\n<meta name=\"twitter:label1\" content=\"Scritto da\" \/>\n\t<meta name=\"twitter:data1\" content=\"Laura Sacco\" \/>\n\t<meta name=\"twitter:label2\" content=\"Tempo di lettura stimato\" \/>\n\t<meta name=\"twitter:data2\" content=\"6 minuti\" \/>\n<script type=\"application\/ld+json\" class=\"yoast-schema-graph\">{\"@context\":\"https:\\\/\\\/schema.org\",\"@graph\":[{\"@type\":\"Article\",\"@id\":\"https:\\\/\\\/elementor.com\\\/community\\\/it\\\/migliorare-laccessibilita-dei-siti-con-ally\\\/#article\",\"isPartOf\":{\"@id\":\"https:\\\/\\\/elementor.com\\\/community\\\/it\\\/migliorare-laccessibilita-dei-siti-con-ally\\\/\"},\"author\":{\"name\":\"Laura Sacco\",\"@id\":\"https:\\\/\\\/elementor.com\\\/community\\\/it\\\/#\\\/schema\\\/person\\\/f9df483f55cb3bd210add5d365c5c43b\"},\"headline\":\"Migliorare l&#8217;accessibilit\u00e0 dei siti con Ally\",\"datePublished\":\"2025-09-17T17:04:15+00:00\",\"dateModified\":\"2025-12-18T17:10:11+00:00\",\"mainEntityOfPage\":{\"@id\":\"https:\\\/\\\/elementor.com\\\/community\\\/it\\\/migliorare-laccessibilita-dei-siti-con-ally\\\/\"},\"wordCount\":1085,\"commentCount\":0,\"publisher\":{\"@id\":\"https:\\\/\\\/elementor.com\\\/community\\\/it\\\/#organization\"},\"image\":{\"@id\":\"https:\\\/\\\/elementor.com\\\/community\\\/it\\\/migliorare-laccessibilita-dei-siti-con-ally\\\/#primaryimage\"},\"thumbnailUrl\":\"https:\\\/\\\/elementor.com\\\/community\\\/it\\\/wp-content\\\/uploads\\\/2025\\\/09\\\/Blog-Post_Ally-Online-event-Italy_Sep-2025_1920-X-1008.webp\",\"articleSection\":[\"Accessibilit\u00e0\",\"Eventi\"],\"inLanguage\":\"it-IT\",\"potentialAction\":[{\"@type\":\"CommentAction\",\"name\":\"Comment\",\"target\":[\"https:\\\/\\\/elementor.com\\\/community\\\/it\\\/migliorare-laccessibilita-dei-siti-con-ally\\\/#respond\"]}]},{\"@type\":\"WebPage\",\"@id\":\"https:\\\/\\\/elementor.com\\\/community\\\/it\\\/migliorare-laccessibilita-dei-siti-con-ally\\\/\",\"url\":\"https:\\\/\\\/elementor.com\\\/community\\\/it\\\/migliorare-laccessibilita-dei-siti-con-ally\\\/\",\"name\":\"Migliorare l'accessibilit\u00e0 dei siti con Ally - Elementor Italia blog\",\"isPartOf\":{\"@id\":\"https:\\\/\\\/elementor.com\\\/community\\\/it\\\/#website\"},\"primaryImageOfPage\":{\"@id\":\"https:\\\/\\\/elementor.com\\\/community\\\/it\\\/migliorare-laccessibilita-dei-siti-con-ally\\\/#primaryimage\"},\"image\":{\"@id\":\"https:\\\/\\\/elementor.com\\\/community\\\/it\\\/migliorare-laccessibilita-dei-siti-con-ally\\\/#primaryimage\"},\"thumbnailUrl\":\"https:\\\/\\\/elementor.com\\\/community\\\/it\\\/wp-content\\\/uploads\\\/2025\\\/09\\\/Blog-Post_Ally-Online-event-Italy_Sep-2025_1920-X-1008.webp\",\"datePublished\":\"2025-09-17T17:04:15+00:00\",\"dateModified\":\"2025-12-18T17:10:11+00:00\",\"description\":\"L'accessibilit\u00e0 dei siti \u00e8 uno dei temi di maggiore attualit\u00e0. Ne abbiamo parlato durante il primo incontro online di Elementor Italia.\",\"breadcrumb\":{\"@id\":\"https:\\\/\\\/elementor.com\\\/community\\\/it\\\/migliorare-laccessibilita-dei-siti-con-ally\\\/#breadcrumb\"},\"inLanguage\":\"it-IT\",\"potentialAction\":[{\"@type\":\"ReadAction\",\"target\":[\"https:\\\/\\\/elementor.com\\\/community\\\/it\\\/migliorare-laccessibilita-dei-siti-con-ally\\\/\"]}]},{\"@type\":\"ImageObject\",\"inLanguage\":\"it-IT\",\"@id\":\"https:\\\/\\\/elementor.com\\\/community\\\/it\\\/migliorare-laccessibilita-dei-siti-con-ally\\\/#primaryimage\",\"url\":\"https:\\\/\\\/elementor.com\\\/community\\\/it\\\/wp-content\\\/uploads\\\/2025\\\/09\\\/Blog-Post_Ally-Online-event-Italy_Sep-2025_1920-X-1008.webp\",\"contentUrl\":\"https:\\\/\\\/elementor.com\\\/community\\\/it\\\/wp-content\\\/uploads\\\/2025\\\/09\\\/Blog-Post_Ally-Online-event-Italy_Sep-2025_1920-X-1008.webp\",\"width\":1920,\"height\":1008,\"caption\":\"L'immagine \u00e8 la copertina del webinar Migliorare l'accessibilit\u00e0 dei siti con Ally. Oltre al titolo, scritto in nero, sono presenti sulla destra le foto profilo di Laura Sacco, Community&Language Lead, e di Maya Solell, Elementor Specialist. Lo sfondo dell'immagine \u00e8 rosa\"},{\"@type\":\"BreadcrumbList\",\"@id\":\"https:\\\/\\\/elementor.com\\\/community\\\/it\\\/migliorare-laccessibilita-dei-siti-con-ally\\\/#breadcrumb\",\"itemListElement\":[{\"@type\":\"ListItem\",\"position\":1,\"name\":\"Home\",\"item\":\"https:\\\/\\\/elementor.com\\\/community\\\/it\\\/\"},{\"@type\":\"ListItem\",\"position\":2,\"name\":\"Migliorare l&#8217;accessibilit\u00e0 dei siti con Ally\"}]},{\"@type\":\"WebSite\",\"@id\":\"https:\\\/\\\/elementor.com\\\/community\\\/it\\\/#website\",\"url\":\"https:\\\/\\\/elementor.com\\\/community\\\/it\\\/\",\"name\":\"Elementor Italia blog\",\"description\":\"\",\"publisher\":{\"@id\":\"https:\\\/\\\/elementor.com\\\/community\\\/it\\\/#organization\"},\"potentialAction\":[{\"@type\":\"SearchAction\",\"target\":{\"@type\":\"EntryPoint\",\"urlTemplate\":\"https:\\\/\\\/elementor.com\\\/community\\\/it\\\/?s={search_term_string}\"},\"query-input\":{\"@type\":\"PropertyValueSpecification\",\"valueRequired\":true,\"valueName\":\"search_term_string\"}}],\"inLanguage\":\"it-IT\"},{\"@type\":\"Organization\",\"@id\":\"https:\\\/\\\/elementor.com\\\/community\\\/it\\\/#organization\",\"name\":\"Elementor Community | IT\",\"url\":\"https:\\\/\\\/elementor.com\\\/community\\\/it\\\/\",\"logo\":{\"@type\":\"ImageObject\",\"inLanguage\":\"it-IT\",\"@id\":\"https:\\\/\\\/elementor.com\\\/community\\\/it\\\/#\\\/schema\\\/logo\\\/image\\\/\",\"url\":\"https:\\\/\\\/elementor.com\\\/community\\\/it\\\/wp-content\\\/uploads\\\/2025\\\/09\\\/logo.webp\",\"contentUrl\":\"https:\\\/\\\/elementor.com\\\/community\\\/it\\\/wp-content\\\/uploads\\\/2025\\\/09\\\/logo.webp\",\"width\":1080,\"height\":1080,\"caption\":\"Elementor Community | IT\"},\"image\":{\"@id\":\"https:\\\/\\\/elementor.com\\\/community\\\/it\\\/#\\\/schema\\\/logo\\\/image\\\/\"}},{\"@type\":\"Person\",\"@id\":\"https:\\\/\\\/elementor.com\\\/community\\\/it\\\/#\\\/schema\\\/person\\\/f9df483f55cb3bd210add5d365c5c43b\",\"name\":\"Laura Sacco\",\"image\":{\"@type\":\"ImageObject\",\"inLanguage\":\"it-IT\",\"@id\":\"https:\\\/\\\/secure.gravatar.com\\\/avatar\\\/bc643bd972ea0ffdc0679c6da79d47e3b89743bd554200e1e0b8e6dd6a5245b8?s=96&d=mm&r=g\",\"url\":\"https:\\\/\\\/secure.gravatar.com\\\/avatar\\\/bc643bd972ea0ffdc0679c6da79d47e3b89743bd554200e1e0b8e6dd6a5245b8?s=96&d=mm&r=g\",\"contentUrl\":\"https:\\\/\\\/secure.gravatar.com\\\/avatar\\\/bc643bd972ea0ffdc0679c6da79d47e3b89743bd554200e1e0b8e6dd6a5245b8?s=96&d=mm&r=g\",\"caption\":\"Laura Sacco\"},\"description\":\"Mentore Digitale\u00ae e consulente per nuove imprese, con la passione dell\u2019organizzazione aziendale e della comunicazione. Oggi, anche Partners Manager a Elementor. Nel 2016 si avvicina alla community italiana di WordPress ed \u00e8 colpo di fulmine. Da allora contribuisce attivamente al suo sviluppo, principalmente nel team polyglots, e nell\u2019organizzazione di Meetup e WordCamp. Curiosa esploratrice di tutto ci\u00f2 che \u00e8 digitale, pensa che la tecnologia aiuti le persone a vivere meglio e a liberare tempi e spazi per le proprie passioni. Crede che la realt\u00e0 dipenda dalla prospettiva e che le fiabe siano vere.\",\"url\":\"https:\\\/\\\/elementor.com\\\/community\\\/it\\\/author\\\/lauras\\\/\"}]}<\/script>\n<!-- \/ Yoast SEO plugin. -->","yoast_head_json":{"title":"Migliorare l'accessibilit\u00e0 dei siti con Ally - Elementor Italia blog","description":"L'accessibilit\u00e0 dei siti \u00e8 uno dei temi di maggiore attualit\u00e0. Ne abbiamo parlato durante il primo incontro online di Elementor Italia.","robots":{"index":"index","follow":"follow","max-snippet":"max-snippet:-1","max-image-preview":"max-image-preview:large","max-video-preview":"max-video-preview:-1"},"canonical":"https:\/\/elementor.com\/community\/it\/migliorare-laccessibilita-dei-siti-con-ally\/","og_locale":"it_IT","og_type":"article","og_title":"Migliorare l'accessibilit\u00e0 dei siti con Ally - Elementor Italia blog","og_description":"L'accessibilit\u00e0 dei siti \u00e8 uno dei temi di maggiore attualit\u00e0. Ne abbiamo parlato durante il primo incontro online di Elementor Italia.","og_url":"https:\/\/elementor.com\/community\/it\/migliorare-laccessibilita-dei-siti-con-ally\/","og_site_name":"Elementor Italia blog","article_published_time":"2025-09-17T17:04:15+00:00","article_modified_time":"2025-12-18T17:10:11+00:00","og_image":[{"width":1920,"height":1008,"url":"https:\/\/elementor.com\/community\/it\/wp-content\/uploads\/2025\/09\/Blog-Post_Ally-Online-event-Italy_Sep-2025_1920-X-1008.webp","type":"image\/webp"}],"author":"Laura Sacco","twitter_card":"summary_large_image","twitter_misc":{"Scritto da":"Laura Sacco","Tempo di lettura stimato":"6 minuti"},"schema":{"@context":"https:\/\/schema.org","@graph":[{"@type":"Article","@id":"https:\/\/elementor.com\/community\/it\/migliorare-laccessibilita-dei-siti-con-ally\/#article","isPartOf":{"@id":"https:\/\/elementor.com\/community\/it\/migliorare-laccessibilita-dei-siti-con-ally\/"},"author":{"name":"Laura Sacco","@id":"https:\/\/elementor.com\/community\/it\/#\/schema\/person\/f9df483f55cb3bd210add5d365c5c43b"},"headline":"Migliorare l&#8217;accessibilit\u00e0 dei siti con Ally","datePublished":"2025-09-17T17:04:15+00:00","dateModified":"2025-12-18T17:10:11+00:00","mainEntityOfPage":{"@id":"https:\/\/elementor.com\/community\/it\/migliorare-laccessibilita-dei-siti-con-ally\/"},"wordCount":1085,"commentCount":0,"publisher":{"@id":"https:\/\/elementor.com\/community\/it\/#organization"},"image":{"@id":"https:\/\/elementor.com\/community\/it\/migliorare-laccessibilita-dei-siti-con-ally\/#primaryimage"},"thumbnailUrl":"https:\/\/elementor.com\/community\/it\/wp-content\/uploads\/2025\/09\/Blog-Post_Ally-Online-event-Italy_Sep-2025_1920-X-1008.webp","articleSection":["Accessibilit\u00e0","Eventi"],"inLanguage":"it-IT","potentialAction":[{"@type":"CommentAction","name":"Comment","target":["https:\/\/elementor.com\/community\/it\/migliorare-laccessibilita-dei-siti-con-ally\/#respond"]}]},{"@type":"WebPage","@id":"https:\/\/elementor.com\/community\/it\/migliorare-laccessibilita-dei-siti-con-ally\/","url":"https:\/\/elementor.com\/community\/it\/migliorare-laccessibilita-dei-siti-con-ally\/","name":"Migliorare l'accessibilit\u00e0 dei siti con Ally - Elementor Italia blog","isPartOf":{"@id":"https:\/\/elementor.com\/community\/it\/#website"},"primaryImageOfPage":{"@id":"https:\/\/elementor.com\/community\/it\/migliorare-laccessibilita-dei-siti-con-ally\/#primaryimage"},"image":{"@id":"https:\/\/elementor.com\/community\/it\/migliorare-laccessibilita-dei-siti-con-ally\/#primaryimage"},"thumbnailUrl":"https:\/\/elementor.com\/community\/it\/wp-content\/uploads\/2025\/09\/Blog-Post_Ally-Online-event-Italy_Sep-2025_1920-X-1008.webp","datePublished":"2025-09-17T17:04:15+00:00","dateModified":"2025-12-18T17:10:11+00:00","description":"L'accessibilit\u00e0 dei siti \u00e8 uno dei temi di maggiore attualit\u00e0. Ne abbiamo parlato durante il primo incontro online di Elementor Italia.","breadcrumb":{"@id":"https:\/\/elementor.com\/community\/it\/migliorare-laccessibilita-dei-siti-con-ally\/#breadcrumb"},"inLanguage":"it-IT","potentialAction":[{"@type":"ReadAction","target":["https:\/\/elementor.com\/community\/it\/migliorare-laccessibilita-dei-siti-con-ally\/"]}]},{"@type":"ImageObject","inLanguage":"it-IT","@id":"https:\/\/elementor.com\/community\/it\/migliorare-laccessibilita-dei-siti-con-ally\/#primaryimage","url":"https:\/\/elementor.com\/community\/it\/wp-content\/uploads\/2025\/09\/Blog-Post_Ally-Online-event-Italy_Sep-2025_1920-X-1008.webp","contentUrl":"https:\/\/elementor.com\/community\/it\/wp-content\/uploads\/2025\/09\/Blog-Post_Ally-Online-event-Italy_Sep-2025_1920-X-1008.webp","width":1920,"height":1008,"caption":"L'immagine \u00e8 la copertina del webinar Migliorare l'accessibilit\u00e0 dei siti con Ally. Oltre al titolo, scritto in nero, sono presenti sulla destra le foto profilo di Laura Sacco, Community&Language Lead, e di Maya Solell, Elementor Specialist. Lo sfondo dell'immagine \u00e8 rosa"},{"@type":"BreadcrumbList","@id":"https:\/\/elementor.com\/community\/it\/migliorare-laccessibilita-dei-siti-con-ally\/#breadcrumb","itemListElement":[{"@type":"ListItem","position":1,"name":"Home","item":"https:\/\/elementor.com\/community\/it\/"},{"@type":"ListItem","position":2,"name":"Migliorare l&#8217;accessibilit\u00e0 dei siti con Ally"}]},{"@type":"WebSite","@id":"https:\/\/elementor.com\/community\/it\/#website","url":"https:\/\/elementor.com\/community\/it\/","name":"Elementor Italia blog","description":"","publisher":{"@id":"https:\/\/elementor.com\/community\/it\/#organization"},"potentialAction":[{"@type":"SearchAction","target":{"@type":"EntryPoint","urlTemplate":"https:\/\/elementor.com\/community\/it\/?s={search_term_string}"},"query-input":{"@type":"PropertyValueSpecification","valueRequired":true,"valueName":"search_term_string"}}],"inLanguage":"it-IT"},{"@type":"Organization","@id":"https:\/\/elementor.com\/community\/it\/#organization","name":"Elementor Community | IT","url":"https:\/\/elementor.com\/community\/it\/","logo":{"@type":"ImageObject","inLanguage":"it-IT","@id":"https:\/\/elementor.com\/community\/it\/#\/schema\/logo\/image\/","url":"https:\/\/elementor.com\/community\/it\/wp-content\/uploads\/2025\/09\/logo.webp","contentUrl":"https:\/\/elementor.com\/community\/it\/wp-content\/uploads\/2025\/09\/logo.webp","width":1080,"height":1080,"caption":"Elementor Community | IT"},"image":{"@id":"https:\/\/elementor.com\/community\/it\/#\/schema\/logo\/image\/"}},{"@type":"Person","@id":"https:\/\/elementor.com\/community\/it\/#\/schema\/person\/f9df483f55cb3bd210add5d365c5c43b","name":"Laura Sacco","image":{"@type":"ImageObject","inLanguage":"it-IT","@id":"https:\/\/secure.gravatar.com\/avatar\/bc643bd972ea0ffdc0679c6da79d47e3b89743bd554200e1e0b8e6dd6a5245b8?s=96&d=mm&r=g","url":"https:\/\/secure.gravatar.com\/avatar\/bc643bd972ea0ffdc0679c6da79d47e3b89743bd554200e1e0b8e6dd6a5245b8?s=96&d=mm&r=g","contentUrl":"https:\/\/secure.gravatar.com\/avatar\/bc643bd972ea0ffdc0679c6da79d47e3b89743bd554200e1e0b8e6dd6a5245b8?s=96&d=mm&r=g","caption":"Laura Sacco"},"description":"Mentore Digitale\u00ae e consulente per nuove imprese, con la passione dell\u2019organizzazione aziendale e della comunicazione. Oggi, anche Partners Manager a Elementor. Nel 2016 si avvicina alla community italiana di WordPress ed \u00e8 colpo di fulmine. Da allora contribuisce attivamente al suo sviluppo, principalmente nel team polyglots, e nell\u2019organizzazione di Meetup e WordCamp. Curiosa esploratrice di tutto ci\u00f2 che \u00e8 digitale, pensa che la tecnologia aiuti le persone a vivere meglio e a liberare tempi e spazi per le proprie passioni. Crede che la realt\u00e0 dipenda dalla prospettiva e che le fiabe siano vere.","url":"https:\/\/elementor.com\/community\/it\/author\/lauras\/"}]}},"_links":{"self":[{"href":"https:\/\/elementor.com\/community\/it\/wp-json\/wp\/v2\/posts\/112","targetHints":{"allow":["GET"]}}],"collection":[{"href":"https:\/\/elementor.com\/community\/it\/wp-json\/wp\/v2\/posts"}],"about":[{"href":"https:\/\/elementor.com\/community\/it\/wp-json\/wp\/v2\/types\/post"}],"author":[{"embeddable":true,"href":"https:\/\/elementor.com\/community\/it\/wp-json\/wp\/v2\/users\/3"}],"replies":[{"embeddable":true,"href":"https:\/\/elementor.com\/community\/it\/wp-json\/wp\/v2\/comments?post=112"}],"version-history":[{"count":22,"href":"https:\/\/elementor.com\/community\/it\/wp-json\/wp\/v2\/posts\/112\/revisions"}],"predecessor-version":[{"id":147,"href":"https:\/\/elementor.com\/community\/it\/wp-json\/wp\/v2\/posts\/112\/revisions\/147"}],"wp:featuredmedia":[{"embeddable":true,"href":"https:\/\/elementor.com\/community\/it\/wp-json\/wp\/v2\/media\/113"}],"wp:attachment":[{"href":"https:\/\/elementor.com\/community\/it\/wp-json\/wp\/v2\/media?parent=112"}],"wp:term":[{"taxonomy":"category","embeddable":true,"href":"https:\/\/elementor.com\/community\/it\/wp-json\/wp\/v2\/categories?post=112"},{"taxonomy":"post_tag","embeddable":true,"href":"https:\/\/elementor.com\/community\/it\/wp-json\/wp\/v2\/tags?post=112"}],"curies":[{"name":"wp","href":"https:\/\/api.w.org\/{rel}","templated":true}]}}