{"id":126264,"date":"2022-03-08T09:40:31","date_gmt":"2022-03-08T09:40:31","guid":{"rendered":"https:\/\/elementor.com\/blog\/as-oportunidades-e-desafios-de-ser-uma-empreendedora-web-feminina-em-year\/"},"modified":"2024-03-28T13:39:30","modified_gmt":"2024-03-28T11:39:30","slug":"as-oportunidades-e-desafios-de-ser-uma-empreendedora-web-feminina-em-year","status":"publish","type":"post","link":"https:\/\/elementor.com\/blog\/pt-br\/as-oportunidades-e-desafios-de-ser-uma-empreendedora-web-feminina-em-year\/","title":{"rendered":"As Oportunidades e Desafios de Ser uma Empreendedora Web Feminina em  2026"},"content":{"rendered":"\n<p>Anualmente, as pessoas questionam: &#8216;Realmente necessitamos do Dia Internacional da Mulher? Por que n\u00e3o temos um Dia Internacional do Homem?&#8217;<\/p>\n\n<p>Eu almejaria que n\u00e3o necessit\u00e1ssemos dele. Contudo, n\u00e3o faz muito tempo que as mulheres eram legalmente impedidas de possuir seu pr\u00f3prio cart\u00e3o de cr\u00e9dito ou propriedades, e as mulheres continuam a lutar por direitos fundamentais ao redor do mundo. As mulheres ocuparam uma posi\u00e7\u00e3o secund\u00e1ria na sociedade por mil\u00eanios \u2014 leva-se tempo para corrigir esse equ\u00edvoco, e estamos apenas no in\u00edcio desse processo.<\/p>\n\n<p>Aquelas de n\u00f3s que residem em pa\u00edses livres e democr\u00e1ticos s\u00e3o extremamente afortunadas. Tecnicamente, possu\u00edmos direitos iguais em quase todos os aspectos da sociedade. Podemos alcan\u00e7ar independ\u00eancia econ\u00f4mica e assumir qualquer fun\u00e7\u00e3o ou profiss\u00e3o que desejemos. Sou imensamente grata pelo meu privil\u00e9gio.<\/p>\n\n<p>Entretanto, s\u00f3 podemos usufruir dessas oportunidades na medida em que a sociedade nos permite, e s\u00e3o os preconceitos n\u00e3o verbalizados e subjacentes, prevalentes na sociedade, que ainda nos desafiam.<\/p>\n\n<h2 class=\"wp-block-heading\">A \u00danica Mulher na Sala<\/h2>\n\n<p>Discorrerei sobre o espa\u00e7o com o qual estou mais familiarizada \u2014 o de minha posi\u00e7\u00e3o como co-fundadora de tecnologia da <a rel=\"noreferrer noopener\" href=\"https:\/\/www.strattic.com\" target=\"_blank\">Strattic<\/a> \u2014 uma plataforma de pr\u00f3xima gera\u00e7\u00e3o que converte sites WordPress para uma arquitetura Jamstack est\u00e1tica e headless, proporcionando velocidade, seguran\u00e7a e escalabilidade supremas, com um \u00fanico clique.<\/p>\n\n<p>Na vasta maioria das vezes, sou a \u00fanica mulher na sala (incluindo salas de Zoom). Isso ocorre porque, at\u00e9 os dias atuais, s\u00e3o predominantemente homens que ocupam posi\u00e7\u00f5es de poder. Os homens que conhe\u00e7o s\u00e3o indiv\u00edduos \u00edntegros que gostariam de ver mais diversidade em suas fileiras. Ent\u00e3o, onde est\u00e3o as mulheres?<\/p>\n\n<blockquote class=\"wp-block-quote is-layout-flow wp-block-quote-is-layout-flow\"><p>&#8220;Quando voc\u00ea n\u00e3o se assemelha a todos os que vieram antes de voc\u00ea (ou seja, homens), o subconsciente deles questiona: voc\u00ea realmente pode executar o trabalho?&#8221;<\/p><\/blockquote>\n\n<p>Bem, quando voc\u00ea est\u00e1 ascendendo em sua carreira, seus superiores precisam fazer escolhas sobre apoi\u00e1-la e promov\u00ea-la. Essas escolhas s\u00e3o baseadas em crit\u00e9rios tanto objetivos quanto subjetivos, frequentemente inconscientes. Quando voc\u00ea n\u00e3o se assemelha a todos os que vieram antes de voc\u00ea (ou seja, homens), o subconsciente deles questiona: voc\u00ea realmente pode executar o trabalho? E isso frequentemente pode ser a diferen\u00e7a entre progredir ou permanecer estagnada.<\/p>\n\n<h2 class=\"wp-block-heading\">Ter Tudo? O Desafio de Conciliar a Maternidade e a Carreira<\/h2>\n\n<p>Ser m\u00e3e ainda representa um desafio profissional, embora isso esteja, felizmente, mudando. Muitos ambientes de trabalho esperam que seus funcion\u00e1rios sejam integralmente dedicados ao trabalho e finjam n\u00e3o ter uma vida pessoal. Contudo, isso n\u00e3o funciona para muitas mulheres, e assim elas frequentemente sacrificam sua trajet\u00f3ria profissional para poderem exercer a maternidade. <\/p>\n\n<p>N\u00e3o \u00e9 necess\u00e1rio que seja assim. E, felizmente, a parentalidade tornou-se mais equitativa ao longo da \u00faltima d\u00e9cada aproximadamente, onde os pais n\u00e3o se veem como &#8216;auxiliares no cuidado dos filhos&#8217;, mas como progenitores igualmente respons\u00e1veis. No entanto, muitas mulheres ainda enfrentam dificuldades com a combina\u00e7\u00e3o de trabalho e maternidade, e a maior parte das tarefas dom\u00e9sticas e &#8216;espa\u00e7o mental&#8217; recai sobre elas. <\/p>\n\n<h2 class=\"wp-block-heading\">A Web Cria Oportunidades Mais Equitativas<\/h2>\n\n<p>Somos extremamente afortunados por viver na era da Internet, uma vez que ela oferece in\u00fameras oportunidades para aqueles que, tradicionalmente, n\u00e3o teriam sido capazes de progredir profissionalmente.<\/p>\n\n<p>Fundei minha primeira empresa, uma ag\u00eancia de desenvolvimento WordPress, ap\u00f3s dar \u00e0 luz ao meu quarto filho. Eu realmente almejava a flexibilidade para ser m\u00e3e, mas tamb\u00e9m ansiava por uma oportunidade de aprender e crescer profissionalmente, al\u00e9m de oferecer valor \u00e0 sociedade para al\u00e9m do ambiente dom\u00e9stico.<\/p>\n\n<p>Descobri o WordPress e, gra\u00e7as ao WordPress Codex e a in\u00fameros posts extremamente \u00fateis redigidos por outros usu\u00e1rios do WP, fui capaz de me instruir o suficiente para come\u00e7ar a construir websites. A web me proporcionou a capacidade de aprender em casa e, posteriormente, trabalhar em domic\u00edlio, estando online quando necess\u00e1rio e desconectando-me para estar com as crian\u00e7as conforme a necessidade.<\/p>\n\n<blockquote class=\"wp-block-quote is-layout-flow wp-block-quote-is-layout-flow\"><p>&#8220;H\u00e1 d\u00e9cadas, eu jamais teria sido capaz de me realizar tanto profissionalmente quanto como m\u00e3e. Portanto, embora enfrentemos muitos desafios como uma &#8216;minoria&#8217;, podemos trabalhar dentro do sistema para encontrar uma forma que funcione para n\u00f3s, como mulheres.&#8221;<\/p><\/blockquote>\n\n<p>A ag\u00eancia cresceu. Eu cresci. Aprendi como realizar marketing, vendas e construir websites melhores e maiores. Tamb\u00e9m cresci como m\u00e3e, e minha fam\u00edlia expandiu-se com a adi\u00e7\u00e3o de mais tr\u00eas filhos.<\/p>\n\n<p>H\u00e1 d\u00e9cadas, eu jamais teria sido capaz de me realizar tanto profissionalmente quanto como m\u00e3e. Portanto, embora enfrentemos muitos desafios como uma &#8220;minoria&#8221; (o que \u00e9 absurdo, visto que somos a maioria das pessoas no mundo), podemos trabalhar dentro do sistema para encontrar uma forma que funcione para n\u00f3s, como mulheres.<\/p>\n\n<h2 class=\"wp-block-heading\">As Mulheres T\u00eam que Trabalhar Mais Arduamente e Ser Melhores<\/h2>\n\n<p>Tendo dito isso, sempre teremos que trabalhar mais arduamente e ser melhores. Para obter \u00eaxito como mulher, \u00e9 necess\u00e1rio ser a melhor em sua \u00e1rea de atua\u00e7\u00e3o. Homens medianos podem ascender, mas n\u00f3s s\u00f3 podemos progredir se formos excepcionais. \u00c9 injusto, e isso precisa mudar, mas \u00e9 importante estar ciente disso e reconhecer a disparidade.<\/p>\n\n<blockquote class=\"wp-block-quote is-layout-flow wp-block-quote-is-layout-flow\"><p>&#8220;Para fundadoras de empresas de tecnologia, muitas coisas s\u00e3o mais dif\u00edceis, incluindo a atividade que \u00e9 o combust\u00edvel para manter uma empresa viva: captar financiamento de capital de risco. Fundadoras do sexo feminino garantiram apenas 2% do capital de risco nos Estados Unidos em 2021.&#8221;<\/p><\/blockquote>\n\n<p>Para fundadoras de empresas de tecnologia, muitas coisas s\u00e3o mais dif\u00edceis, incluindo a atividade que \u00e9 o combust\u00edvel para manter uma empresa viva: captar financiamento de capital de risco. Equipes compostas exclusivamente por mulheres t\u00eam chances muito reduzidas de angariar financiamento. Fundadoras do sexo feminino garantiram apenas 2% do capital de risco nos Estados Unidos em 2021, a menor porcentagem desde 2016. Introduza um parceiro masculino no cen\u00e1rio, e suas chances aumentam \u2014 <a href=\"https:\/\/www.bloomberg.com\/news\/articles\/2022-01-11\/women-founders-raised-just-2-of-venture-capital-money-last-year\">equipes fundadoras mistas de mulheres e homens captaram 15,6% do total de capital de risco em 2021<\/a>. Isso significa que muitas mulheres talentosas e brilhantes n\u00e3o conseguem concretizar suas ideias e inova\u00e7\u00f5es. Presenciei isso acontecer repetidamente.<\/p>\n\n<h2 class=\"wp-block-heading\">O Futuro para as Mulheres \u00c9 Promissor<\/h2>\n\n<p>Estas quest\u00f5es est\u00e3o recebendo aten\u00e7\u00e3o e sendo discutidas entre l\u00edderes, m\u00eddia e outros. Recentemente, fui apresentada em um programa de not\u00edcias local que destacou fundadoras e os desafios que enfrentamos, e isso gerou uma grande quantidade de feedback positivo.<\/p>\n\n<p>O WordPress, especificamente, sempre realizou um excelente trabalho em ser inclusivo. Por exemplo, as confer\u00eancias WordCamp sempre apresentam uma excelente diversidade de palestrantes e participantes de diversas origens, e a comunidade \u00e9 geralmente um ambiente que ajuda todos a se sentirem confort\u00e1veis e bem-vindos. <\/p>\n\n<p>Espero ver a pr\u00f3xima gera\u00e7\u00e3o de fundadores igualmente dividida entre homens e mulheres, de modo que ser uma fundadora n\u00e3o seja algo digno de nota. Procuro fazer minha pequena parte para &#8220;retribuir&#8221; falando e orientando em faculdades exclusivamente femininas, escolas de ensino m\u00e9dio, programas de acelera\u00e7\u00e3o de startups e mais, compartilhando minha hist\u00f3ria e esperando que n\u00e3o apenas possam aprender com ela, mas tamb\u00e9m que, ao verem algu\u00e9m que se parece com elas e que tornou sua vis\u00e3o realidade, acreditem que tamb\u00e9m podem faz\u00ea-lo.<\/p>\n","protected":false},"excerpt":{"rendered":"<p>Embora a web crie oportunidades mais equitativas, as fundadoras femininas obtiveram apenas 2% do capital de risco nos Estados Unidos em 2021. Miriam Schwab, co-fundadora e CEO da Strattic, compartilha sua hist\u00f3ria pessoal e os desafios como empreendedora tecnol\u00f3gica feminina, bem como sua firme convic\u00e7\u00e3o de que o futuro \u00e9 promissor para as mulheres no setor de tecnologia.<\/p>\n","protected":false},"author":2024214,"featured_media":126265,"comment_status":"open","ping_status":"open","sticky":false,"template":"","format":"standard","meta":{"_acf_changed":false,"footnotes":""},"categories":[284,308],"tags":[],"marketing_persona":[],"marketing_intent":[48],"class_list":["post-126264","post","type-post","status-publish","format-standard","has-post-thumbnail","hentry","category-community-pt","category-inspiration-pt"],"acf":[],"yoast_head":"<!-- This site is optimized with the Yoast SEO plugin v27.4 - https:\/\/yoast.com\/product\/yoast-seo-wordpress\/ -->\n<title>As Oportunidades e Desafios de Ser uma Empreendedora Web Feminina em 2026<\/title>\n<meta name=\"description\" content=\"Miriam Schwab, co-fundadora e CEO da Strattic, compartilha sua hist\u00f3ria pessoal e os desafios como empreendedora tecnol\u00f3gica feminina, bem como sua firme convic\u00e7\u00e3o de que o futuro \u00e9 promissor para as mulheres no setor de tecnologia.\" \/>\n<meta name=\"robots\" content=\"index, follow, max-snippet:-1, max-image-preview:large, max-video-preview:-1\" \/>\n<link rel=\"canonical\" href=\"https:\/\/elementor.com\/blog\/pt-br\/as-oportunidades-e-desafios-de-ser-uma-empreendedora-web-feminina-em-year\/\" \/>\n<meta property=\"og:locale\" content=\"pt_BR\" \/>\n<meta property=\"og:type\" content=\"article\" \/>\n<meta property=\"og:title\" content=\"As Oportunidades e Desafios de Ser uma Empreendedora Web Feminina em [year]\" \/>\n<meta property=\"og:description\" content=\"Miriam Schwab, co-fundadora e CEO da Strattic, compartilha sua hist\u00f3ria pessoal e os desafios como empreendedora tecnol\u00f3gica feminina, bem como sua firme convic\u00e7\u00e3o de que o futuro \u00e9 promissor para as mulheres no setor de tecnologia.\" \/>\n<meta property=\"og:url\" content=\"https:\/\/elementor.com\/blog\/pt-br\/as-oportunidades-e-desafios-de-ser-uma-empreendedora-web-feminina-em-year\/\" \/>\n<meta property=\"og:site_name\" content=\"Blog\" \/>\n<meta property=\"article:publisher\" content=\"https:\/\/www.facebook.com\/elemntor\/\" \/>\n<meta property=\"article:published_time\" content=\"2022-03-08T09:40:31+00:00\" \/>\n<meta property=\"article:modified_time\" content=\"2024-03-28T11:39:30+00:00\" \/>\n<meta property=\"og:image\" content=\"https:\/\/elementor.com\/blog\/wp-content\/uploads\/2022\/03\/2022_02_blog_cover_International-Womens-Day-Miriam-Schwabs-guest-post_1200_630_no_text-1-scaled.jpg\" \/>\n\t<meta property=\"og:image:width\" content=\"2560\" \/>\n\t<meta property=\"og:image:height\" content=\"1343\" \/>\n\t<meta property=\"og:image:type\" content=\"image\/jpeg\" \/>\n<meta name=\"author\" content=\"Miriam Schwab\" \/>\n<meta name=\"twitter:card\" content=\"summary_large_image\" \/>\n<meta name=\"twitter:creator\" content=\"@elemntor\" \/>\n<meta name=\"twitter:site\" content=\"@elemntor\" \/>\n<meta name=\"twitter:label1\" content=\"Escrito por\" \/>\n\t<meta name=\"twitter:data1\" content=\"Miriam Schwab\" \/>\n\t<meta name=\"twitter:label2\" content=\"Est. tempo de leitura\" \/>\n\t<meta name=\"twitter:data2\" content=\"6 minutos\" \/>\n<script type=\"application\/ld+json\" class=\"yoast-schema-graph\">{\"@context\":\"https:\\\/\\\/schema.org\",\"@graph\":[{\"@type\":\"Article\",\"@id\":\"https:\\\/\\\/elementor.com\\\/blog\\\/pt-br\\\/as-oportunidades-e-desafios-de-ser-uma-empreendedora-web-feminina-em-year\\\/#article\",\"isPartOf\":{\"@id\":\"https:\\\/\\\/elementor.com\\\/blog\\\/pt-br\\\/as-oportunidades-e-desafios-de-ser-uma-empreendedora-web-feminina-em-year\\\/\"},\"author\":{\"name\":\"Miriam Schwab\",\"@id\":\"https:\\\/\\\/elementor.com\\\/blog\\\/pt-br\\\/#\\\/schema\\\/person\\\/97e1019fe4deead217793d420e88a59b\"},\"headline\":\"As Oportunidades e Desafios de Ser uma Empreendedora Web Feminina em 2026\",\"datePublished\":\"2022-03-08T09:40:31+00:00\",\"dateModified\":\"2024-03-28T11:39:30+00:00\",\"mainEntityOfPage\":{\"@id\":\"https:\\\/\\\/elementor.com\\\/blog\\\/pt-br\\\/as-oportunidades-e-desafios-de-ser-uma-empreendedora-web-feminina-em-year\\\/\"},\"wordCount\":1241,\"commentCount\":0,\"publisher\":{\"@id\":\"https:\\\/\\\/elementor.com\\\/blog\\\/pt-br\\\/#organization\"},\"image\":{\"@id\":\"https:\\\/\\\/elementor.com\\\/blog\\\/pt-br\\\/as-oportunidades-e-desafios-de-ser-uma-empreendedora-web-feminina-em-year\\\/#primaryimage\"},\"thumbnailUrl\":\"https:\\\/\\\/elementor.com\\\/blog\\\/wp-content\\\/uploads\\\/2022\\\/03\\\/2022_02_blog_cover_International-Womens-Day-Miriam-Schwabs-guest-post_1200_630_no_text-1-scaled.jpg\",\"articleSection\":[\"Comunidade\",\"Inspira\u00e7\u00e3o\"],\"inLanguage\":\"pt-BR\",\"potentialAction\":[{\"@type\":\"CommentAction\",\"name\":\"Comment\",\"target\":[\"https:\\\/\\\/elementor.com\\\/blog\\\/pt-br\\\/as-oportunidades-e-desafios-de-ser-uma-empreendedora-web-feminina-em-year\\\/#respond\"]}]},{\"@type\":\"WebPage\",\"@id\":\"https:\\\/\\\/elementor.com\\\/blog\\\/pt-br\\\/as-oportunidades-e-desafios-de-ser-uma-empreendedora-web-feminina-em-year\\\/\",\"url\":\"https:\\\/\\\/elementor.com\\\/blog\\\/pt-br\\\/as-oportunidades-e-desafios-de-ser-uma-empreendedora-web-feminina-em-year\\\/\",\"name\":\"As Oportunidades e Desafios de Ser uma Empreendedora Web Feminina em [year]\",\"isPartOf\":{\"@id\":\"https:\\\/\\\/elementor.com\\\/blog\\\/pt-br\\\/#website\"},\"primaryImageOfPage\":{\"@id\":\"https:\\\/\\\/elementor.com\\\/blog\\\/pt-br\\\/as-oportunidades-e-desafios-de-ser-uma-empreendedora-web-feminina-em-year\\\/#primaryimage\"},\"image\":{\"@id\":\"https:\\\/\\\/elementor.com\\\/blog\\\/pt-br\\\/as-oportunidades-e-desafios-de-ser-uma-empreendedora-web-feminina-em-year\\\/#primaryimage\"},\"thumbnailUrl\":\"https:\\\/\\\/elementor.com\\\/blog\\\/wp-content\\\/uploads\\\/2022\\\/03\\\/2022_02_blog_cover_International-Womens-Day-Miriam-Schwabs-guest-post_1200_630_no_text-1-scaled.jpg\",\"datePublished\":\"2022-03-08T09:40:31+00:00\",\"dateModified\":\"2024-03-28T11:39:30+00:00\",\"description\":\"Miriam Schwab, co-fundadora e CEO da Strattic, compartilha sua hist\u00f3ria pessoal e os desafios como empreendedora tecnol\u00f3gica feminina, bem como sua firme convic\u00e7\u00e3o de que o futuro \u00e9 promissor para as mulheres no setor de tecnologia.\",\"breadcrumb\":{\"@id\":\"https:\\\/\\\/elementor.com\\\/blog\\\/pt-br\\\/as-oportunidades-e-desafios-de-ser-uma-empreendedora-web-feminina-em-year\\\/#breadcrumb\"},\"inLanguage\":\"pt-BR\",\"potentialAction\":[{\"@type\":\"ReadAction\",\"target\":[\"https:\\\/\\\/elementor.com\\\/blog\\\/pt-br\\\/as-oportunidades-e-desafios-de-ser-uma-empreendedora-web-feminina-em-year\\\/\"]}]},{\"@type\":\"ImageObject\",\"inLanguage\":\"pt-BR\",\"@id\":\"https:\\\/\\\/elementor.com\\\/blog\\\/pt-br\\\/as-oportunidades-e-desafios-de-ser-uma-empreendedora-web-feminina-em-year\\\/#primaryimage\",\"url\":\"https:\\\/\\\/elementor.com\\\/blog\\\/wp-content\\\/uploads\\\/2022\\\/03\\\/2022_02_blog_cover_International-Womens-Day-Miriam-Schwabs-guest-post_1200_630_no_text-1-scaled.jpg\",\"contentUrl\":\"https:\\\/\\\/elementor.com\\\/blog\\\/wp-content\\\/uploads\\\/2022\\\/03\\\/2022_02_blog_cover_International-Womens-Day-Miriam-Schwabs-guest-post_1200_630_no_text-1-scaled.jpg\",\"width\":2560,\"height\":1343},{\"@type\":\"BreadcrumbList\",\"@id\":\"https:\\\/\\\/elementor.com\\\/blog\\\/pt-br\\\/as-oportunidades-e-desafios-de-ser-uma-empreendedora-web-feminina-em-year\\\/#breadcrumb\",\"itemListElement\":[{\"@type\":\"ListItem\",\"position\":1,\"name\":\"Blog\",\"item\":\"https:\\\/\\\/elementor.com\\\/blog\\\/pt-br\\\/\"},{\"@type\":\"ListItem\",\"position\":2,\"name\":\"Inspira\u00e7\u00e3o\",\"item\":\"https:\\\/\\\/elementor.com\\\/blog\\\/pt-br\\\/category\\\/inspiration-pt\\\/\"},{\"@type\":\"ListItem\",\"position\":3,\"name\":\"As Oportunidades e Desafios de Ser uma Empreendedora Web Feminina em 2025\"}]},{\"@type\":\"WebSite\",\"@id\":\"https:\\\/\\\/elementor.com\\\/blog\\\/pt-br\\\/#website\",\"url\":\"https:\\\/\\\/elementor.com\\\/blog\\\/pt-br\\\/\",\"name\":\"Elementor\",\"description\":\"Website Builder for WordPress\",\"publisher\":{\"@id\":\"https:\\\/\\\/elementor.com\\\/blog\\\/pt-br\\\/#organization\"},\"potentialAction\":[{\"@type\":\"SearchAction\",\"target\":{\"@type\":\"EntryPoint\",\"urlTemplate\":\"https:\\\/\\\/elementor.com\\\/blog\\\/pt-br\\\/?s={search_term_string}\"},\"query-input\":{\"@type\":\"PropertyValueSpecification\",\"valueRequired\":true,\"valueName\":\"search_term_string\"}}],\"inLanguage\":\"pt-BR\"},{\"@type\":\"Organization\",\"@id\":\"https:\\\/\\\/elementor.com\\\/blog\\\/pt-br\\\/#organization\",\"name\":\"Elementor\",\"url\":\"https:\\\/\\\/elementor.com\\\/blog\\\/pt-br\\\/\",\"logo\":{\"@type\":\"ImageObject\",\"inLanguage\":\"pt-BR\",\"@id\":\"https:\\\/\\\/elementor.com\\\/blog\\\/pt-br\\\/#\\\/schema\\\/logo\\\/image\\\/\",\"url\":\"https:\\\/\\\/elementor.com\\\/blog\\\/wp-content\\\/uploads\\\/2025\\\/06\\\/images.png\",\"contentUrl\":\"https:\\\/\\\/elementor.com\\\/blog\\\/wp-content\\\/uploads\\\/2025\\\/06\\\/images.png\",\"width\":225,\"height\":225,\"caption\":\"Elementor\"},\"image\":{\"@id\":\"https:\\\/\\\/elementor.com\\\/blog\\\/pt-br\\\/#\\\/schema\\\/logo\\\/image\\\/\"},\"sameAs\":[\"https:\\\/\\\/www.facebook.com\\\/elemntor\\\/\",\"https:\\\/\\\/x.com\\\/elemntor\",\"https:\\\/\\\/www.instagram.com\\\/elementor\\\/\",\"https:\\\/\\\/www.youtube.com\\\/channel\\\/UCt9kG_EDX8zwGSC1-ycJJVA?sub_confirmation=1\",\"https:\\\/\\\/en.wikipedia.org\\\/wiki\\\/Elementor\"]},{\"@type\":\"Person\",\"@id\":\"https:\\\/\\\/elementor.com\\\/blog\\\/pt-br\\\/#\\\/schema\\\/person\\\/97e1019fe4deead217793d420e88a59b\",\"name\":\"Miriam Schwab\",\"image\":{\"@type\":\"ImageObject\",\"inLanguage\":\"pt-BR\",\"@id\":\"https:\\\/\\\/secure.gravatar.com\\\/avatar\\\/772c29ee68ad938591dc1eb5b5f35aaf33bccf97fd077727f88d3e20d9e062be?s=96&d=mm&r=g\",\"url\":\"https:\\\/\\\/secure.gravatar.com\\\/avatar\\\/772c29ee68ad938591dc1eb5b5f35aaf33bccf97fd077727f88d3e20d9e062be?s=96&d=mm&r=g\",\"contentUrl\":\"https:\\\/\\\/secure.gravatar.com\\\/avatar\\\/772c29ee68ad938591dc1eb5b5f35aaf33bccf97fd077727f88d3e20d9e062be?s=96&d=mm&r=g\",\"caption\":\"Miriam Schwab\"},\"description\":\"Miriam is Head of WordPress Relations at Elementor, serving as a liaison between Elementor and the greater WordPress ecosystem. Miriam took on this position after Elementor acquired Strattic, the company she co-founded to bring an innovative and comprehensive approach to WordPress security and performance to the web at large.\",\"url\":\"https:\\\/\\\/elementor.com\\\/blog\\\/pt-br\\\/author\\\/miriamschwab\\\/\"}]}<\/script>\n<!-- \/ Yoast SEO plugin. -->","yoast_head_json":{"title":"As Oportunidades e Desafios de Ser uma Empreendedora Web Feminina em 2026","description":"Miriam Schwab, co-fundadora e CEO da Strattic, compartilha sua hist\u00f3ria pessoal e os desafios como empreendedora tecnol\u00f3gica feminina, bem como sua firme convic\u00e7\u00e3o de que o futuro \u00e9 promissor para as mulheres no setor de tecnologia.","robots":{"index":"index","follow":"follow","max-snippet":"max-snippet:-1","max-image-preview":"max-image-preview:large","max-video-preview":"max-video-preview:-1"},"canonical":"https:\/\/elementor.com\/blog\/pt-br\/as-oportunidades-e-desafios-de-ser-uma-empreendedora-web-feminina-em-year\/","og_locale":"pt_BR","og_type":"article","og_title":"As Oportunidades e Desafios de Ser uma Empreendedora Web Feminina em [year]","og_description":"Miriam Schwab, co-fundadora e CEO da Strattic, compartilha sua hist\u00f3ria pessoal e os desafios como empreendedora tecnol\u00f3gica feminina, bem como sua firme convic\u00e7\u00e3o de que o futuro \u00e9 promissor para as mulheres no setor de tecnologia.","og_url":"https:\/\/elementor.com\/blog\/pt-br\/as-oportunidades-e-desafios-de-ser-uma-empreendedora-web-feminina-em-year\/","og_site_name":"Blog","article_publisher":"https:\/\/www.facebook.com\/elemntor\/","article_published_time":"2022-03-08T09:40:31+00:00","article_modified_time":"2024-03-28T11:39:30+00:00","og_image":[{"width":2560,"height":1343,"url":"https:\/\/elementor.com\/blog\/wp-content\/uploads\/2022\/03\/2022_02_blog_cover_International-Womens-Day-Miriam-Schwabs-guest-post_1200_630_no_text-1-scaled.jpg","type":"image\/jpeg"}],"author":"Miriam Schwab","twitter_card":"summary_large_image","twitter_creator":"@elemntor","twitter_site":"@elemntor","twitter_misc":{"Escrito por":"Miriam Schwab","Est. tempo de leitura":"6 minutos"},"schema":{"@context":"https:\/\/schema.org","@graph":[{"@type":"Article","@id":"https:\/\/elementor.com\/blog\/pt-br\/as-oportunidades-e-desafios-de-ser-uma-empreendedora-web-feminina-em-year\/#article","isPartOf":{"@id":"https:\/\/elementor.com\/blog\/pt-br\/as-oportunidades-e-desafios-de-ser-uma-empreendedora-web-feminina-em-year\/"},"author":{"name":"Miriam Schwab","@id":"https:\/\/elementor.com\/blog\/pt-br\/#\/schema\/person\/97e1019fe4deead217793d420e88a59b"},"headline":"As Oportunidades e Desafios de Ser uma Empreendedora Web Feminina em 2026","datePublished":"2022-03-08T09:40:31+00:00","dateModified":"2024-03-28T11:39:30+00:00","mainEntityOfPage":{"@id":"https:\/\/elementor.com\/blog\/pt-br\/as-oportunidades-e-desafios-de-ser-uma-empreendedora-web-feminina-em-year\/"},"wordCount":1241,"commentCount":0,"publisher":{"@id":"https:\/\/elementor.com\/blog\/pt-br\/#organization"},"image":{"@id":"https:\/\/elementor.com\/blog\/pt-br\/as-oportunidades-e-desafios-de-ser-uma-empreendedora-web-feminina-em-year\/#primaryimage"},"thumbnailUrl":"https:\/\/elementor.com\/blog\/wp-content\/uploads\/2022\/03\/2022_02_blog_cover_International-Womens-Day-Miriam-Schwabs-guest-post_1200_630_no_text-1-scaled.jpg","articleSection":["Comunidade","Inspira\u00e7\u00e3o"],"inLanguage":"pt-BR","potentialAction":[{"@type":"CommentAction","name":"Comment","target":["https:\/\/elementor.com\/blog\/pt-br\/as-oportunidades-e-desafios-de-ser-uma-empreendedora-web-feminina-em-year\/#respond"]}]},{"@type":"WebPage","@id":"https:\/\/elementor.com\/blog\/pt-br\/as-oportunidades-e-desafios-de-ser-uma-empreendedora-web-feminina-em-year\/","url":"https:\/\/elementor.com\/blog\/pt-br\/as-oportunidades-e-desafios-de-ser-uma-empreendedora-web-feminina-em-year\/","name":"As Oportunidades e Desafios de Ser uma Empreendedora Web Feminina em [year]","isPartOf":{"@id":"https:\/\/elementor.com\/blog\/pt-br\/#website"},"primaryImageOfPage":{"@id":"https:\/\/elementor.com\/blog\/pt-br\/as-oportunidades-e-desafios-de-ser-uma-empreendedora-web-feminina-em-year\/#primaryimage"},"image":{"@id":"https:\/\/elementor.com\/blog\/pt-br\/as-oportunidades-e-desafios-de-ser-uma-empreendedora-web-feminina-em-year\/#primaryimage"},"thumbnailUrl":"https:\/\/elementor.com\/blog\/wp-content\/uploads\/2022\/03\/2022_02_blog_cover_International-Womens-Day-Miriam-Schwabs-guest-post_1200_630_no_text-1-scaled.jpg","datePublished":"2022-03-08T09:40:31+00:00","dateModified":"2024-03-28T11:39:30+00:00","description":"Miriam Schwab, co-fundadora e CEO da Strattic, compartilha sua hist\u00f3ria pessoal e os desafios como empreendedora tecnol\u00f3gica feminina, bem como sua firme convic\u00e7\u00e3o de que o futuro \u00e9 promissor para as mulheres no setor de tecnologia.","breadcrumb":{"@id":"https:\/\/elementor.com\/blog\/pt-br\/as-oportunidades-e-desafios-de-ser-uma-empreendedora-web-feminina-em-year\/#breadcrumb"},"inLanguage":"pt-BR","potentialAction":[{"@type":"ReadAction","target":["https:\/\/elementor.com\/blog\/pt-br\/as-oportunidades-e-desafios-de-ser-uma-empreendedora-web-feminina-em-year\/"]}]},{"@type":"ImageObject","inLanguage":"pt-BR","@id":"https:\/\/elementor.com\/blog\/pt-br\/as-oportunidades-e-desafios-de-ser-uma-empreendedora-web-feminina-em-year\/#primaryimage","url":"https:\/\/elementor.com\/blog\/wp-content\/uploads\/2022\/03\/2022_02_blog_cover_International-Womens-Day-Miriam-Schwabs-guest-post_1200_630_no_text-1-scaled.jpg","contentUrl":"https:\/\/elementor.com\/blog\/wp-content\/uploads\/2022\/03\/2022_02_blog_cover_International-Womens-Day-Miriam-Schwabs-guest-post_1200_630_no_text-1-scaled.jpg","width":2560,"height":1343},{"@type":"BreadcrumbList","@id":"https:\/\/elementor.com\/blog\/pt-br\/as-oportunidades-e-desafios-de-ser-uma-empreendedora-web-feminina-em-year\/#breadcrumb","itemListElement":[{"@type":"ListItem","position":1,"name":"Blog","item":"https:\/\/elementor.com\/blog\/pt-br\/"},{"@type":"ListItem","position":2,"name":"Inspira\u00e7\u00e3o","item":"https:\/\/elementor.com\/blog\/pt-br\/category\/inspiration-pt\/"},{"@type":"ListItem","position":3,"name":"As Oportunidades e Desafios de Ser uma Empreendedora Web Feminina em 2025"}]},{"@type":"WebSite","@id":"https:\/\/elementor.com\/blog\/pt-br\/#website","url":"https:\/\/elementor.com\/blog\/pt-br\/","name":"Elementor","description":"Website Builder for WordPress","publisher":{"@id":"https:\/\/elementor.com\/blog\/pt-br\/#organization"},"potentialAction":[{"@type":"SearchAction","target":{"@type":"EntryPoint","urlTemplate":"https:\/\/elementor.com\/blog\/pt-br\/?s={search_term_string}"},"query-input":{"@type":"PropertyValueSpecification","valueRequired":true,"valueName":"search_term_string"}}],"inLanguage":"pt-BR"},{"@type":"Organization","@id":"https:\/\/elementor.com\/blog\/pt-br\/#organization","name":"Elementor","url":"https:\/\/elementor.com\/blog\/pt-br\/","logo":{"@type":"ImageObject","inLanguage":"pt-BR","@id":"https:\/\/elementor.com\/blog\/pt-br\/#\/schema\/logo\/image\/","url":"https:\/\/elementor.com\/blog\/wp-content\/uploads\/2025\/06\/images.png","contentUrl":"https:\/\/elementor.com\/blog\/wp-content\/uploads\/2025\/06\/images.png","width":225,"height":225,"caption":"Elementor"},"image":{"@id":"https:\/\/elementor.com\/blog\/pt-br\/#\/schema\/logo\/image\/"},"sameAs":["https:\/\/www.facebook.com\/elemntor\/","https:\/\/x.com\/elemntor","https:\/\/www.instagram.com\/elementor\/","https:\/\/www.youtube.com\/channel\/UCt9kG_EDX8zwGSC1-ycJJVA?sub_confirmation=1","https:\/\/en.wikipedia.org\/wiki\/Elementor"]},{"@type":"Person","@id":"https:\/\/elementor.com\/blog\/pt-br\/#\/schema\/person\/97e1019fe4deead217793d420e88a59b","name":"Miriam Schwab","image":{"@type":"ImageObject","inLanguage":"pt-BR","@id":"https:\/\/secure.gravatar.com\/avatar\/772c29ee68ad938591dc1eb5b5f35aaf33bccf97fd077727f88d3e20d9e062be?s=96&d=mm&r=g","url":"https:\/\/secure.gravatar.com\/avatar\/772c29ee68ad938591dc1eb5b5f35aaf33bccf97fd077727f88d3e20d9e062be?s=96&d=mm&r=g","contentUrl":"https:\/\/secure.gravatar.com\/avatar\/772c29ee68ad938591dc1eb5b5f35aaf33bccf97fd077727f88d3e20d9e062be?s=96&d=mm&r=g","caption":"Miriam Schwab"},"description":"Miriam is Head of WordPress Relations at Elementor, serving as a liaison between Elementor and the greater WordPress ecosystem. Miriam took on this position after Elementor acquired Strattic, the company she co-founded to bring an innovative and comprehensive approach to WordPress security and performance to the web at large.","url":"https:\/\/elementor.com\/blog\/pt-br\/author\/miriamschwab\/"}]}},"_links":{"self":[{"href":"https:\/\/elementor.com\/blog\/pt-br\/wp-json\/wp\/v2\/posts\/126264","targetHints":{"allow":["GET"]}}],"collection":[{"href":"https:\/\/elementor.com\/blog\/pt-br\/wp-json\/wp\/v2\/posts"}],"about":[{"href":"https:\/\/elementor.com\/blog\/pt-br\/wp-json\/wp\/v2\/types\/post"}],"author":[{"embeddable":true,"href":"https:\/\/elementor.com\/blog\/pt-br\/wp-json\/wp\/v2\/users\/2024214"}],"replies":[{"embeddable":true,"href":"https:\/\/elementor.com\/blog\/pt-br\/wp-json\/wp\/v2\/comments?post=126264"}],"version-history":[{"count":0,"href":"https:\/\/elementor.com\/blog\/pt-br\/wp-json\/wp\/v2\/posts\/126264\/revisions"}],"wp:featuredmedia":[{"embeddable":true,"href":"https:\/\/elementor.com\/blog\/pt-br\/wp-json\/wp\/v2\/media\/126265"}],"wp:attachment":[{"href":"https:\/\/elementor.com\/blog\/pt-br\/wp-json\/wp\/v2\/media?parent=126264"}],"wp:term":[{"taxonomy":"category","embeddable":true,"href":"https:\/\/elementor.com\/blog\/pt-br\/wp-json\/wp\/v2\/categories?post=126264"},{"taxonomy":"post_tag","embeddable":true,"href":"https:\/\/elementor.com\/blog\/pt-br\/wp-json\/wp\/v2\/tags?post=126264"},{"taxonomy":"marketing_persona","embeddable":true,"href":"https:\/\/elementor.com\/blog\/pt-br\/wp-json\/wp\/v2\/marketing_persona?post=126264"},{"taxonomy":"marketing_intent","embeddable":true,"href":"https:\/\/elementor.com\/blog\/pt-br\/wp-json\/wp\/v2\/marketing_intent?post=126264"}],"curies":[{"name":"wp","href":"https:\/\/api.w.org\/{rel}","templated":true}]}}