{"id":126539,"date":"2022-04-20T12:12:33","date_gmt":"2022-04-20T12:12:33","guid":{"rendered":"https:\/\/elementor.com\/blog\/davantage-delementor-3-6-importation-exportation-amelioree-et-reorganisation-des-polices-et-couleurs-globales\/"},"modified":"2025-12-01T21:32:29","modified_gmt":"2025-12-01T19:32:29","slug":"davantage-delementor-3-6-importation-exportation-amelioree-et-reorganisation-des-polices-et-couleurs-globales","status":"publish","type":"post","link":"https:\/\/elementor.com\/blog\/fr\/davantage-delementor-3-6-importation-exportation-amelioree-et-reorganisation-des-polices-et-couleurs-globales\/","title":{"rendered":"Davantage d&rsquo;Elementor 3.6 \u2014 Importation\/Exportation am\u00e9lior\u00e9e et r\u00e9organisation des Polices et Couleurs Globales"},"content":{"rendered":"\n<p>\u00c0 l&rsquo;instar de nombreux autres m\u00e9tiers, la cr\u00e9ation de sites web est une comp\u00e9tence qui \u00e9volue et s&rsquo;am\u00e9liore avec le temps. Plus vous construisez, plus vous cultivez des habitudes, vous apprenez \u00e0 conna\u00eetre les extensions que vous aimez utiliser ou que vous devez utiliser, les param\u00e8tres globaux que vous souhaitez configurer avant de commencer, et m\u00eame comment optimiser les performances de votre site web. <\/p>\n\n<p>En plus des <a href=\"https:\/\/elementor.com\/blog\/introducing-flexbox-containers\/\" target=\"_blank\" rel=\"noreferrer noopener\">Conteneurs Flexbox<\/a>, Elementor 3.6 comprend des fonctionnalit\u00e9s suppl\u00e9mentaires qui vous permettent de d\u00e9marrer votre premier ou votre prochain site web beaucoup plus rapidement, tout en introduisant des mises \u00e0 jour qui vous permettent d&rsquo;optimiser les performances de votre site web. <\/p>\n\n<h2 class=\"wp-block-heading\">Pr\u00e9sentation \u2014 Nouvelles fonctionnalit\u00e9s de l&rsquo;outil d&rsquo;Importation\/Exportation <\/h2>\n\n<figure class=\"wp-block-image size-full\"><img fetchpriority=\"high\" decoding=\"async\" width=\"2400\" height=\"1256\" src=\"https:\/\/elementor.com\/blog\/wp-content\/uploads\/2022\/04\/Import-Export-plugins.png\" alt=\"\" class=\"wp-image-83489\"\/><\/figure>\n\n<p>Nous avons introduit pour la premi\u00e8re fois la fonctionnalit\u00e9 d&rsquo;Importation\/Exportation dans <a href=\"https:\/\/elementor.com\/blog\/introducing-elementor-3-2\/\" target=\"_blank\" rel=\"noreferrer noopener\">Elementor 3.2<\/a>, vous permettant de cr\u00e9er un &lsquo;plan&rsquo; de votre site web en l&rsquo;exportant sous forme de kit et en l&rsquo;important (ou tout autre kit) dans votre prochain site web. <\/p>\n\n<p>Maintenant, avec <a class=\"wpil_keyword_link\" href=\"https:\/\/elementor.com\/\" title=\"Elementor\" data-wpil-keyword-link=\"linked\" data-wpil-monitor-id=\"1252\">Elementor<\/a> 3.6, il a \u00e9t\u00e9 \u00e9tendu pour inclure trois nouvelles fonctionnalit\u00e9s : <\/p>\n\n<ol class=\"wp-block-list\"><li><strong>Prise en charge des extensions dans l&rsquo;Importation\/Exportation du Kit de Site Web<\/strong> &#8211; exportez instantan\u00e9ment toutes les extensions qu&rsquo;un site web ou un kit utilise, telles que <a class=\"wpil_keyword_link\" href=\"https:\/\/elementor.com\/features\/woocommerce-builder\/\" title=\"WooCommerce\" data-wpil-keyword-link=\"linked\" data-wpil-monitor-id=\"1664\">WooCommerce<\/a>, pour les installer et les activer sur un autre site web. Lorsque vous commencez votre processus d&rsquo;importation\/exportation, vous pourrez s\u00e9lectionner le Contenu, les Param\u00e8tres du Site, les <a class=\"wpil_keyword_link\" href=\"https:\/\/elementor.com\/library\/\" title=\"Mod&#xE8;les\" data-wpil-keyword-link=\"linked\" data-wpil-monitor-id=\"2073\">Mod\u00e8les<\/a> Elementor et les Extensions que vous souhaitez inclure. Ce processus n&rsquo;inclut pas les extensions premium, car elles doivent \u00eatre achet\u00e9es s\u00e9par\u00e9ment pour chaque nouveau site web et ne peuvent pas \u00eatre install\u00e9es sans une licence d\u00e9di\u00e9e. <\/li><li><strong>\u00c9cran de r\u00e9sum\u00e9 d\u00e9taill\u00e9 pour l&rsquo;Importation\/Exportation<\/strong> &#8211; visualisez tous les composants du Kit que vous choisissez d&rsquo;importer ou d&rsquo;exporter, refl\u00e9t\u00e9s dans un nouvel \u00e9cran de R\u00e9sum\u00e9 d\u00e9taill\u00e9.<\/li><li><strong>Importation des r\u00e9f\u00e9rences dynamiques<\/strong> &#8211; maintenez la liaison des r\u00e9f\u00e9rences dynamiques \u00e0 travers votre site web, au lieu d&rsquo;avoir \u00e0 les rec\u00e2bler toutes lors de l&rsquo;importation d&rsquo;un kit. Les r\u00e9f\u00e9rences dynamiques se trouvent dans les balises dynamiques des Popups, les balises dynamiques des Lightbox, les occurrences du widget de Mod\u00e8le, les Menus, les URLs, etc.<\/li><\/ol>\n\n<p>Vous pouvez Importer\/Exporter un kit vers votre site web en utilisant l&rsquo;outil d&rsquo;Importation\/Exportation depuis le tableau de bord WordPress \u2014 choisissez Elementor &gt; Outils &gt; onglet Importation\/Exportation. <\/p>\n\n<h2 class=\"wp-block-heading\">R\u00e9organisation des Polices et Couleurs Globales <\/h2>\n\n<figure class=\"wp-block-image size-full\"><img decoding=\"async\" width=\"2400\" height=\"1256\" src=\"https:\/\/elementor.com\/blog\/wp-content\/uploads\/2022\/04\/Rearrange-Global-Colors-and-Fonts.png\" alt=\"\" class=\"wp-image-83490\"\/><\/figure>\n\n<p>La mise en place de vos syst\u00e8mes de conception est l&rsquo;une des parties les plus importantes de la cr\u00e9ation d&rsquo;un site web et de l&rsquo;am\u00e9lioration de votre flux de travail. Le syst\u00e8me de conception d&rsquo;Elementor comprend quatre couleurs et polices (Primaire, Secondaire, Texte et Accent). Les couleurs et polices du syst\u00e8me sont imp\u00e9ratives pour garantir que tous les <a class=\"wpil_keyword_link\" href=\"https:\/\/elementor.com\/widgets\/\" title=\"widgets\" data-wpil-keyword-link=\"linked\" data-wpil-monitor-id=\"3994\">widgets<\/a> s&rsquo;affichent correctement, c&rsquo;est pourquoi elles ne peuvent pas \u00eatre supprim\u00e9es. Cependant, vous avez \u00e9galement la possibilit\u00e9 d&rsquo;ajouter autant de couleurs et de polices personnalis\u00e9es que vous le souhaitez. <\/p>\n\n<p>Jusqu&rsquo;\u00e0 pr\u00e9sent, la distinction visuelle entre les couleurs et les polices du syst\u00e8me et celles personnalis\u00e9es n&rsquo;\u00e9tait pas aussi apparente, et chaque fois que vous ajoutiez une nouvelle couleur ou police personnalis\u00e9e, elle prenait la derni\u00e8re position sur la liste. <\/p>\n\n<p>Avec cette mise \u00e0 jour, la distinction entre les couleurs et les polices du syst\u00e8me est plus claire, et vous \u00eates en mesure de r\u00e9organiser l&rsquo;ordre de toutes vos couleurs et polices dans les Param\u00e8tres du Site. Ainsi, la prochaine fois que vous souhaiterez agencer vos couleurs globales selon certains motifs chromatiques, vous pourrez le faire en survolant la couleur ou la police dans vos param\u00e8tres globaux du site pour r\u00e9v\u00e9ler l&rsquo;ic\u00f4ne de glissement et modifier son ordre. <\/p>\n\n<p>Par exemple, si les couleurs personnalis\u00e9es de votre site web comprennent diverses nuances de rose et de bleu, vous pouvez disposer tous vos roses en une rang\u00e9e et tous vos bleus en une autre. Vous aurez \u00e9galement la possibilit\u00e9 de modifier l&rsquo;ordre de vos polices et couleurs syst\u00e8me, par exemple, vous pouvez positionner votre police Secondaire au-dessus de votre police Primaire. <\/p>\n\n<h2 class=\"wp-block-heading\">Am\u00e9liorations de Performance <\/h2>\n\n<figure class=\"wp-block-image size-full\"><img decoding=\"async\" width=\"2400\" height=\"1256\" src=\"https:\/\/elementor.com\/blog\/wp-content\/uploads\/2022\/04\/Pereformance-Improvement-Lazy-load-carusel.png\" alt=\"\" class=\"wp-image-83491\"\/><\/figure>\n\n<h3 class=\"wp-block-heading\">Chargement paresseux ajout\u00e9 aux Carrousels <\/h3>\n\n<p>Nous explorons et introduisons constamment des am\u00e9liorations de performance pour acc\u00e9l\u00e9rer le chargement de vos sites web, et presque chaque version inclut au moins une am\u00e9lioration de performance. Elementor 3.6 introduit un nouveau contr\u00f4le de Chargement paresseux pour le widget Carrousel et le Diaporama d&rsquo;arri\u00e8re-plan. <\/p>\n\n<p>Ce contr\u00f4le vous permet d&rsquo;am\u00e9liorer les performances de votre site web en ne chargeant que le contenu imm\u00e9diatement visible et n\u00e9cessaire dans les Carrousels ou les Diaporamas d&rsquo;arri\u00e8re-plan de votre site web, et en chargeant le reste au fur et \u00e0 mesure que les utilisateurs d\u00e9filent. <\/p>\n\n<h3 class=\"wp-block-heading\">Sortie DOM optimis\u00e9e<\/h3>\n\n<p>L&rsquo;Exp\u00e9rience de Sortie DOM optimis\u00e9e a \u00e9t\u00e9 \u00e9tendue pour supprimer le `elementor-section-wrap`<\/p>\n\n<h2 class=\"wp-block-heading\">Acc\u00e9l\u00e9rez et am\u00e9liorez votre flux de travail<\/h2>\n\n<p>Elementor 3.6 inclut de nouvelles mises \u00e0 jour qui vous permettent de travailler plus rapidement et mieux lors de la construction de sites web. Que vous travailliez sur votre premier site web et souhaitiez organiser vos couleurs et polices globales dans un certain ordre, ou que vous travailliez sur votre deuxi\u00e8me, troisi\u00e8me ou 100\u00e8me site web et que vous souhaitiez instantan\u00e9ment <a class=\"wpil_keyword_link\" href=\"https:\/\/elementor.com\/wordpress\/\" title=\"t&#xE9;l&#xE9;charger\" data-wpil-keyword-link=\"linked\" data-wpil-monitor-id=\"6125\">t\u00e9l\u00e9charger<\/a> et installer des plugins pertinents \u00e0 partir d&rsquo;un kit, cette version vous permettra d&rsquo;am\u00e9liorer votre flux de travail et de construire des sites web plus rapidement. Cette version inclut \u00e9galement des am\u00e9liorations de performance, de sorte que les sites web que vous construisez se chargent plus rapidement. <\/p>\n\n<p>Essayez ces nouvelles mises \u00e0 jour et faites-nous savoir laquelle \u00e9tait votre pr\u00e9f\u00e9r\u00e9e. <\/p>\n","protected":false},"excerpt":{"rendered":"<p>Outre l&rsquo;exp\u00e9rimentation des Conteneurs Flexbox, Elementor 3.6 inclut \u00e9galement des ajouts \u00e0 l&rsquo;outil d&rsquo;Importation\/Exportation et la possibilit\u00e9 de personnaliser l&rsquo;ordre de vos Polices et Couleurs Globales. Ces mises \u00e0 jour vous permettent d&rsquo;am\u00e9liorer et d&rsquo;acc\u00e9l\u00e9rer votre flux de travail. <\/p>\n","protected":false},"author":2024207,"featured_media":106991,"comment_status":"open","ping_status":"open","sticky":false,"template":"","format":"standard","meta":{"_acf_changed":false,"footnotes":""},"categories":[230,238],"tags":[],"marketing_persona":[],"marketing_intent":[49],"class_list":["post-126539","post","type-post","status-publish","format-standard","has-post-thumbnail","hentry","category-elementor-fr","category-nouvelles-fonctionnalites-fr"],"acf":[],"yoast_head":"<!-- This site is optimized with the Yoast SEO plugin v27.4 - https:\/\/yoast.com\/product\/yoast-seo-wordpress\/ -->\n<title>Davantage d&#039;Elementor 3.6 \u2014 Importation\/Exportation am\u00e9lior\u00e9e et r\u00e9organisation des Polices et Couleurs Globales<\/title>\n<meta name=\"description\" content=\"Outre l&#039;exp\u00e9rimentation des Conteneurs Flexbox, Elementor 3.6 inclut \u00e9galement des ajouts \u00e0 l&#039;outil d&#039;Importation\/Exportation et la possibilit\u00e9 de personnaliser l&#039;ordre de vos Polices et Couleurs Globales. Ces mises \u00e0 jour vous permettent d&#039;am\u00e9liorer et d&#039;acc\u00e9l\u00e9rer votre flux de travail.\" \/>\n<meta name=\"robots\" content=\"index, follow, max-snippet:-1, max-image-preview:large, max-video-preview:-1\" \/>\n<link rel=\"canonical\" href=\"https:\/\/elementor.com\/blog\/fr\/davantage-delementor-3-6-importation-exportation-amelioree-et-reorganisation-des-polices-et-couleurs-globales\/\" \/>\n<meta property=\"og:locale\" content=\"fr_FR\" \/>\n<meta property=\"og:type\" content=\"article\" \/>\n<meta property=\"og:title\" content=\"Davantage d&#039;Elementor 3.6 \u2014 Importation\/Exportation am\u00e9lior\u00e9e et r\u00e9organisation des Polices et Couleurs Globales\" \/>\n<meta property=\"og:description\" content=\"Outre l&#039;exp\u00e9rimentation des Conteneurs Flexbox, Elementor 3.6 inclut \u00e9galement des ajouts \u00e0 l&#039;outil d&#039;Importation\/Exportation et la possibilit\u00e9 de personnaliser l&#039;ordre de vos Polices et Couleurs Globales. Ces mises \u00e0 jour vous permettent d&#039;am\u00e9liorer et d&#039;acc\u00e9l\u00e9rer votre flux de travail.\" \/>\n<meta property=\"og:url\" content=\"https:\/\/elementor.com\/blog\/fr\/davantage-delementor-3-6-importation-exportation-amelioree-et-reorganisation-des-polices-et-couleurs-globales\/\" \/>\n<meta property=\"og:site_name\" content=\"Blog\" \/>\n<meta property=\"article:publisher\" content=\"https:\/\/www.facebook.com\/elemntor\/\" \/>\n<meta property=\"article:published_time\" content=\"2022-04-20T12:12:33+00:00\" \/>\n<meta property=\"article:modified_time\" content=\"2025-12-01T19:32:29+00:00\" \/>\n<meta property=\"og:image\" content=\"https:\/\/elementor.com\/blog\/wp-content\/uploads\/2022\/04\/Elementor-3.6-part-two_BLOG-COVER.png\" \/>\n\t<meta property=\"og:image:width\" content=\"2400\" \/>\n\t<meta property=\"og:image:height\" content=\"1256\" \/>\n\t<meta property=\"og:image:type\" content=\"image\/png\" \/>\n<meta name=\"author\" content=\"Gabriella Laster\" \/>\n<meta name=\"twitter:card\" content=\"summary_large_image\" \/>\n<meta name=\"twitter:creator\" content=\"@elemntor\" \/>\n<meta name=\"twitter:site\" content=\"@elemntor\" \/>\n<meta name=\"twitter:label1\" content=\"\u00c9crit par\" \/>\n\t<meta name=\"twitter:data1\" content=\"Gabriella Laster\" \/>\n\t<meta name=\"twitter:label2\" content=\"Dur\u00e9e de lecture estim\u00e9e\" \/>\n\t<meta name=\"twitter:data2\" content=\"5 minutes\" \/>\n<script type=\"application\/ld+json\" class=\"yoast-schema-graph\">{\"@context\":\"https:\\\/\\\/schema.org\",\"@graph\":[{\"@type\":\"Article\",\"@id\":\"https:\\\/\\\/elementor.com\\\/blog\\\/fr\\\/davantage-delementor-3-6-importation-exportation-amelioree-et-reorganisation-des-polices-et-couleurs-globales\\\/#article\",\"isPartOf\":{\"@id\":\"https:\\\/\\\/elementor.com\\\/blog\\\/fr\\\/davantage-delementor-3-6-importation-exportation-amelioree-et-reorganisation-des-polices-et-couleurs-globales\\\/\"},\"author\":{\"name\":\"Gabriella Laster\",\"@id\":\"https:\\\/\\\/elementor.com\\\/blog\\\/fr\\\/#\\\/schema\\\/person\\\/840e05baf69a34292aefbd48f3372a2a\"},\"headline\":\"Davantage d&rsquo;Elementor 3.6 \u2014 Importation\\\/Exportation am\u00e9lior\u00e9e et r\u00e9organisation des Polices et Couleurs Globales\",\"datePublished\":\"2022-04-20T12:12:33+00:00\",\"dateModified\":\"2025-12-01T19:32:29+00:00\",\"mainEntityOfPage\":{\"@id\":\"https:\\\/\\\/elementor.com\\\/blog\\\/fr\\\/davantage-delementor-3-6-importation-exportation-amelioree-et-reorganisation-des-polices-et-couleurs-globales\\\/\"},\"wordCount\":1020,\"commentCount\":0,\"publisher\":{\"@id\":\"https:\\\/\\\/elementor.com\\\/blog\\\/fr\\\/#organization\"},\"image\":{\"@id\":\"https:\\\/\\\/elementor.com\\\/blog\\\/fr\\\/davantage-delementor-3-6-importation-exportation-amelioree-et-reorganisation-des-polices-et-couleurs-globales\\\/#primaryimage\"},\"thumbnailUrl\":\"https:\\\/\\\/elementor.com\\\/blog\\\/wp-content\\\/uploads\\\/2022\\\/04\\\/Elementor-3.6-part-two_BLOG-COVER.png\",\"articleSection\":[\"Elementor\",\"Nouvelles fonctionnalit\u00e9s\"],\"inLanguage\":\"fr-FR\",\"potentialAction\":[{\"@type\":\"CommentAction\",\"name\":\"Comment\",\"target\":[\"https:\\\/\\\/elementor.com\\\/blog\\\/fr\\\/davantage-delementor-3-6-importation-exportation-amelioree-et-reorganisation-des-polices-et-couleurs-globales\\\/#respond\"]}]},{\"@type\":\"WebPage\",\"@id\":\"https:\\\/\\\/elementor.com\\\/blog\\\/fr\\\/davantage-delementor-3-6-importation-exportation-amelioree-et-reorganisation-des-polices-et-couleurs-globales\\\/\",\"url\":\"https:\\\/\\\/elementor.com\\\/blog\\\/fr\\\/davantage-delementor-3-6-importation-exportation-amelioree-et-reorganisation-des-polices-et-couleurs-globales\\\/\",\"name\":\"Davantage d'Elementor 3.6 \u2014 Importation\\\/Exportation am\u00e9lior\u00e9e et r\u00e9organisation des Polices et Couleurs Globales\",\"isPartOf\":{\"@id\":\"https:\\\/\\\/elementor.com\\\/blog\\\/fr\\\/#website\"},\"primaryImageOfPage\":{\"@id\":\"https:\\\/\\\/elementor.com\\\/blog\\\/fr\\\/davantage-delementor-3-6-importation-exportation-amelioree-et-reorganisation-des-polices-et-couleurs-globales\\\/#primaryimage\"},\"image\":{\"@id\":\"https:\\\/\\\/elementor.com\\\/blog\\\/fr\\\/davantage-delementor-3-6-importation-exportation-amelioree-et-reorganisation-des-polices-et-couleurs-globales\\\/#primaryimage\"},\"thumbnailUrl\":\"https:\\\/\\\/elementor.com\\\/blog\\\/wp-content\\\/uploads\\\/2022\\\/04\\\/Elementor-3.6-part-two_BLOG-COVER.png\",\"datePublished\":\"2022-04-20T12:12:33+00:00\",\"dateModified\":\"2025-12-01T19:32:29+00:00\",\"description\":\"Outre l'exp\u00e9rimentation des Conteneurs Flexbox, Elementor 3.6 inclut \u00e9galement des ajouts \u00e0 l'outil d'Importation\\\/Exportation et la possibilit\u00e9 de personnaliser l'ordre de vos Polices et Couleurs Globales. Ces mises \u00e0 jour vous permettent d'am\u00e9liorer et d'acc\u00e9l\u00e9rer votre flux de travail.\",\"breadcrumb\":{\"@id\":\"https:\\\/\\\/elementor.com\\\/blog\\\/fr\\\/davantage-delementor-3-6-importation-exportation-amelioree-et-reorganisation-des-polices-et-couleurs-globales\\\/#breadcrumb\"},\"inLanguage\":\"fr-FR\",\"potentialAction\":[{\"@type\":\"ReadAction\",\"target\":[\"https:\\\/\\\/elementor.com\\\/blog\\\/fr\\\/davantage-delementor-3-6-importation-exportation-amelioree-et-reorganisation-des-polices-et-couleurs-globales\\\/\"]}]},{\"@type\":\"ImageObject\",\"inLanguage\":\"fr-FR\",\"@id\":\"https:\\\/\\\/elementor.com\\\/blog\\\/fr\\\/davantage-delementor-3-6-importation-exportation-amelioree-et-reorganisation-des-polices-et-couleurs-globales\\\/#primaryimage\",\"url\":\"https:\\\/\\\/elementor.com\\\/blog\\\/wp-content\\\/uploads\\\/2022\\\/04\\\/Elementor-3.6-part-two_BLOG-COVER.png\",\"contentUrl\":\"https:\\\/\\\/elementor.com\\\/blog\\\/wp-content\\\/uploads\\\/2022\\\/04\\\/Elementor-3.6-part-two_BLOG-COVER.png\",\"width\":2400,\"height\":1256},{\"@type\":\"BreadcrumbList\",\"@id\":\"https:\\\/\\\/elementor.com\\\/blog\\\/fr\\\/davantage-delementor-3-6-importation-exportation-amelioree-et-reorganisation-des-polices-et-couleurs-globales\\\/#breadcrumb\",\"itemListElement\":[{\"@type\":\"ListItem\",\"position\":1,\"name\":\"Blog\",\"item\":\"https:\\\/\\\/elementor.com\\\/blog\\\/fr\\\/\"},{\"@type\":\"ListItem\",\"position\":2,\"name\":\"Nouvelles fonctionnalit\u00e9s\",\"item\":\"https:\\\/\\\/elementor.com\\\/blog\\\/fr\\\/category\\\/nouvelles-fonctionnalites-fr\\\/\"},{\"@type\":\"ListItem\",\"position\":3,\"name\":\"Davantage d&#8217;Elementor 3.6 \u2014 Importation\\\/Exportation am\u00e9lior\u00e9e et r\u00e9organisation des Polices et Couleurs Globales\"}]},{\"@type\":\"WebSite\",\"@id\":\"https:\\\/\\\/elementor.com\\\/blog\\\/fr\\\/#website\",\"url\":\"https:\\\/\\\/elementor.com\\\/blog\\\/fr\\\/\",\"name\":\"Elementor\",\"description\":\"Website Builder for WordPress\",\"publisher\":{\"@id\":\"https:\\\/\\\/elementor.com\\\/blog\\\/fr\\\/#organization\"},\"potentialAction\":[{\"@type\":\"SearchAction\",\"target\":{\"@type\":\"EntryPoint\",\"urlTemplate\":\"https:\\\/\\\/elementor.com\\\/blog\\\/fr\\\/?s={search_term_string}\"},\"query-input\":{\"@type\":\"PropertyValueSpecification\",\"valueRequired\":true,\"valueName\":\"search_term_string\"}}],\"inLanguage\":\"fr-FR\"},{\"@type\":\"Organization\",\"@id\":\"https:\\\/\\\/elementor.com\\\/blog\\\/fr\\\/#organization\",\"name\":\"Elementor\",\"url\":\"https:\\\/\\\/elementor.com\\\/blog\\\/fr\\\/\",\"logo\":{\"@type\":\"ImageObject\",\"inLanguage\":\"fr-FR\",\"@id\":\"https:\\\/\\\/elementor.com\\\/blog\\\/fr\\\/#\\\/schema\\\/logo\\\/image\\\/\",\"url\":\"https:\\\/\\\/elementor.com\\\/blog\\\/wp-content\\\/uploads\\\/2025\\\/06\\\/images.png\",\"contentUrl\":\"https:\\\/\\\/elementor.com\\\/blog\\\/wp-content\\\/uploads\\\/2025\\\/06\\\/images.png\",\"width\":225,\"height\":225,\"caption\":\"Elementor\"},\"image\":{\"@id\":\"https:\\\/\\\/elementor.com\\\/blog\\\/fr\\\/#\\\/schema\\\/logo\\\/image\\\/\"},\"sameAs\":[\"https:\\\/\\\/www.facebook.com\\\/elemntor\\\/\",\"https:\\\/\\\/x.com\\\/elemntor\",\"https:\\\/\\\/www.instagram.com\\\/elementor\\\/\",\"https:\\\/\\\/www.youtube.com\\\/channel\\\/UCt9kG_EDX8zwGSC1-ycJJVA?sub_confirmation=1\",\"https:\\\/\\\/en.wikipedia.org\\\/wiki\\\/Elementor\"]},{\"@type\":\"Person\",\"@id\":\"https:\\\/\\\/elementor.com\\\/blog\\\/fr\\\/#\\\/schema\\\/person\\\/840e05baf69a34292aefbd48f3372a2a\",\"name\":\"Gabriella Laster\",\"image\":{\"@type\":\"ImageObject\",\"inLanguage\":\"fr-FR\",\"@id\":\"https:\\\/\\\/secure.gravatar.com\\\/avatar\\\/d05a13ed44651430b9565d128ead6845482cddcafc9c725e89ecf083b78288e9?s=96&d=mm&r=g\",\"url\":\"https:\\\/\\\/secure.gravatar.com\\\/avatar\\\/d05a13ed44651430b9565d128ead6845482cddcafc9c725e89ecf083b78288e9?s=96&d=mm&r=g\",\"contentUrl\":\"https:\\\/\\\/secure.gravatar.com\\\/avatar\\\/d05a13ed44651430b9565d128ead6845482cddcafc9c725e89ecf083b78288e9?s=96&d=mm&r=g\",\"caption\":\"Gabriella Laster\"},\"description\":\"Gabriella is a Product Marketing Director at Elementor, where she helps bridge the gap between complex web technology and seamless user experiences. With a decade of experience in marketing and entrepreneurship, she\u2019s passionate about empowering creators to build their digital dreams.\",\"url\":\"https:\\\/\\\/elementor.com\\\/blog\\\/fr\\\/author\\\/gabriellal\\\/\"}]}<\/script>\n<!-- \/ Yoast SEO plugin. -->","yoast_head_json":{"title":"Davantage d'Elementor 3.6 \u2014 Importation\/Exportation am\u00e9lior\u00e9e et r\u00e9organisation des Polices et Couleurs Globales","description":"Outre l'exp\u00e9rimentation des Conteneurs Flexbox, Elementor 3.6 inclut \u00e9galement des ajouts \u00e0 l'outil d'Importation\/Exportation et la possibilit\u00e9 de personnaliser l'ordre de vos Polices et Couleurs Globales. Ces mises \u00e0 jour vous permettent d'am\u00e9liorer et d'acc\u00e9l\u00e9rer votre flux de travail.","robots":{"index":"index","follow":"follow","max-snippet":"max-snippet:-1","max-image-preview":"max-image-preview:large","max-video-preview":"max-video-preview:-1"},"canonical":"https:\/\/elementor.com\/blog\/fr\/davantage-delementor-3-6-importation-exportation-amelioree-et-reorganisation-des-polices-et-couleurs-globales\/","og_locale":"fr_FR","og_type":"article","og_title":"Davantage d'Elementor 3.6 \u2014 Importation\/Exportation am\u00e9lior\u00e9e et r\u00e9organisation des Polices et Couleurs Globales","og_description":"Outre l'exp\u00e9rimentation des Conteneurs Flexbox, Elementor 3.6 inclut \u00e9galement des ajouts \u00e0 l'outil d'Importation\/Exportation et la possibilit\u00e9 de personnaliser l'ordre de vos Polices et Couleurs Globales. Ces mises \u00e0 jour vous permettent d'am\u00e9liorer et d'acc\u00e9l\u00e9rer votre flux de travail.","og_url":"https:\/\/elementor.com\/blog\/fr\/davantage-delementor-3-6-importation-exportation-amelioree-et-reorganisation-des-polices-et-couleurs-globales\/","og_site_name":"Blog","article_publisher":"https:\/\/www.facebook.com\/elemntor\/","article_published_time":"2022-04-20T12:12:33+00:00","article_modified_time":"2025-12-01T19:32:29+00:00","og_image":[{"width":2400,"height":1256,"url":"https:\/\/elementor.com\/blog\/wp-content\/uploads\/2022\/04\/Elementor-3.6-part-two_BLOG-COVER.png","type":"image\/png"}],"author":"Gabriella Laster","twitter_card":"summary_large_image","twitter_creator":"@elemntor","twitter_site":"@elemntor","twitter_misc":{"\u00c9crit par":"Gabriella Laster","Dur\u00e9e de lecture estim\u00e9e":"5 minutes"},"schema":{"@context":"https:\/\/schema.org","@graph":[{"@type":"Article","@id":"https:\/\/elementor.com\/blog\/fr\/davantage-delementor-3-6-importation-exportation-amelioree-et-reorganisation-des-polices-et-couleurs-globales\/#article","isPartOf":{"@id":"https:\/\/elementor.com\/blog\/fr\/davantage-delementor-3-6-importation-exportation-amelioree-et-reorganisation-des-polices-et-couleurs-globales\/"},"author":{"name":"Gabriella Laster","@id":"https:\/\/elementor.com\/blog\/fr\/#\/schema\/person\/840e05baf69a34292aefbd48f3372a2a"},"headline":"Davantage d&rsquo;Elementor 3.6 \u2014 Importation\/Exportation am\u00e9lior\u00e9e et r\u00e9organisation des Polices et Couleurs Globales","datePublished":"2022-04-20T12:12:33+00:00","dateModified":"2025-12-01T19:32:29+00:00","mainEntityOfPage":{"@id":"https:\/\/elementor.com\/blog\/fr\/davantage-delementor-3-6-importation-exportation-amelioree-et-reorganisation-des-polices-et-couleurs-globales\/"},"wordCount":1020,"commentCount":0,"publisher":{"@id":"https:\/\/elementor.com\/blog\/fr\/#organization"},"image":{"@id":"https:\/\/elementor.com\/blog\/fr\/davantage-delementor-3-6-importation-exportation-amelioree-et-reorganisation-des-polices-et-couleurs-globales\/#primaryimage"},"thumbnailUrl":"https:\/\/elementor.com\/blog\/wp-content\/uploads\/2022\/04\/Elementor-3.6-part-two_BLOG-COVER.png","articleSection":["Elementor","Nouvelles fonctionnalit\u00e9s"],"inLanguage":"fr-FR","potentialAction":[{"@type":"CommentAction","name":"Comment","target":["https:\/\/elementor.com\/blog\/fr\/davantage-delementor-3-6-importation-exportation-amelioree-et-reorganisation-des-polices-et-couleurs-globales\/#respond"]}]},{"@type":"WebPage","@id":"https:\/\/elementor.com\/blog\/fr\/davantage-delementor-3-6-importation-exportation-amelioree-et-reorganisation-des-polices-et-couleurs-globales\/","url":"https:\/\/elementor.com\/blog\/fr\/davantage-delementor-3-6-importation-exportation-amelioree-et-reorganisation-des-polices-et-couleurs-globales\/","name":"Davantage d'Elementor 3.6 \u2014 Importation\/Exportation am\u00e9lior\u00e9e et r\u00e9organisation des Polices et Couleurs Globales","isPartOf":{"@id":"https:\/\/elementor.com\/blog\/fr\/#website"},"primaryImageOfPage":{"@id":"https:\/\/elementor.com\/blog\/fr\/davantage-delementor-3-6-importation-exportation-amelioree-et-reorganisation-des-polices-et-couleurs-globales\/#primaryimage"},"image":{"@id":"https:\/\/elementor.com\/blog\/fr\/davantage-delementor-3-6-importation-exportation-amelioree-et-reorganisation-des-polices-et-couleurs-globales\/#primaryimage"},"thumbnailUrl":"https:\/\/elementor.com\/blog\/wp-content\/uploads\/2022\/04\/Elementor-3.6-part-two_BLOG-COVER.png","datePublished":"2022-04-20T12:12:33+00:00","dateModified":"2025-12-01T19:32:29+00:00","description":"Outre l'exp\u00e9rimentation des Conteneurs Flexbox, Elementor 3.6 inclut \u00e9galement des ajouts \u00e0 l'outil d'Importation\/Exportation et la possibilit\u00e9 de personnaliser l'ordre de vos Polices et Couleurs Globales. Ces mises \u00e0 jour vous permettent d'am\u00e9liorer et d'acc\u00e9l\u00e9rer votre flux de travail.","breadcrumb":{"@id":"https:\/\/elementor.com\/blog\/fr\/davantage-delementor-3-6-importation-exportation-amelioree-et-reorganisation-des-polices-et-couleurs-globales\/#breadcrumb"},"inLanguage":"fr-FR","potentialAction":[{"@type":"ReadAction","target":["https:\/\/elementor.com\/blog\/fr\/davantage-delementor-3-6-importation-exportation-amelioree-et-reorganisation-des-polices-et-couleurs-globales\/"]}]},{"@type":"ImageObject","inLanguage":"fr-FR","@id":"https:\/\/elementor.com\/blog\/fr\/davantage-delementor-3-6-importation-exportation-amelioree-et-reorganisation-des-polices-et-couleurs-globales\/#primaryimage","url":"https:\/\/elementor.com\/blog\/wp-content\/uploads\/2022\/04\/Elementor-3.6-part-two_BLOG-COVER.png","contentUrl":"https:\/\/elementor.com\/blog\/wp-content\/uploads\/2022\/04\/Elementor-3.6-part-two_BLOG-COVER.png","width":2400,"height":1256},{"@type":"BreadcrumbList","@id":"https:\/\/elementor.com\/blog\/fr\/davantage-delementor-3-6-importation-exportation-amelioree-et-reorganisation-des-polices-et-couleurs-globales\/#breadcrumb","itemListElement":[{"@type":"ListItem","position":1,"name":"Blog","item":"https:\/\/elementor.com\/blog\/fr\/"},{"@type":"ListItem","position":2,"name":"Nouvelles fonctionnalit\u00e9s","item":"https:\/\/elementor.com\/blog\/fr\/category\/nouvelles-fonctionnalites-fr\/"},{"@type":"ListItem","position":3,"name":"Davantage d&#8217;Elementor 3.6 \u2014 Importation\/Exportation am\u00e9lior\u00e9e et r\u00e9organisation des Polices et Couleurs Globales"}]},{"@type":"WebSite","@id":"https:\/\/elementor.com\/blog\/fr\/#website","url":"https:\/\/elementor.com\/blog\/fr\/","name":"Elementor","description":"Website Builder for WordPress","publisher":{"@id":"https:\/\/elementor.com\/blog\/fr\/#organization"},"potentialAction":[{"@type":"SearchAction","target":{"@type":"EntryPoint","urlTemplate":"https:\/\/elementor.com\/blog\/fr\/?s={search_term_string}"},"query-input":{"@type":"PropertyValueSpecification","valueRequired":true,"valueName":"search_term_string"}}],"inLanguage":"fr-FR"},{"@type":"Organization","@id":"https:\/\/elementor.com\/blog\/fr\/#organization","name":"Elementor","url":"https:\/\/elementor.com\/blog\/fr\/","logo":{"@type":"ImageObject","inLanguage":"fr-FR","@id":"https:\/\/elementor.com\/blog\/fr\/#\/schema\/logo\/image\/","url":"https:\/\/elementor.com\/blog\/wp-content\/uploads\/2025\/06\/images.png","contentUrl":"https:\/\/elementor.com\/blog\/wp-content\/uploads\/2025\/06\/images.png","width":225,"height":225,"caption":"Elementor"},"image":{"@id":"https:\/\/elementor.com\/blog\/fr\/#\/schema\/logo\/image\/"},"sameAs":["https:\/\/www.facebook.com\/elemntor\/","https:\/\/x.com\/elemntor","https:\/\/www.instagram.com\/elementor\/","https:\/\/www.youtube.com\/channel\/UCt9kG_EDX8zwGSC1-ycJJVA?sub_confirmation=1","https:\/\/en.wikipedia.org\/wiki\/Elementor"]},{"@type":"Person","@id":"https:\/\/elementor.com\/blog\/fr\/#\/schema\/person\/840e05baf69a34292aefbd48f3372a2a","name":"Gabriella Laster","image":{"@type":"ImageObject","inLanguage":"fr-FR","@id":"https:\/\/secure.gravatar.com\/avatar\/d05a13ed44651430b9565d128ead6845482cddcafc9c725e89ecf083b78288e9?s=96&d=mm&r=g","url":"https:\/\/secure.gravatar.com\/avatar\/d05a13ed44651430b9565d128ead6845482cddcafc9c725e89ecf083b78288e9?s=96&d=mm&r=g","contentUrl":"https:\/\/secure.gravatar.com\/avatar\/d05a13ed44651430b9565d128ead6845482cddcafc9c725e89ecf083b78288e9?s=96&d=mm&r=g","caption":"Gabriella Laster"},"description":"Gabriella is a Product Marketing Director at Elementor, where she helps bridge the gap between complex web technology and seamless user experiences. With a decade of experience in marketing and entrepreneurship, she\u2019s passionate about empowering creators to build their digital dreams.","url":"https:\/\/elementor.com\/blog\/fr\/author\/gabriellal\/"}]}},"_links":{"self":[{"href":"https:\/\/elementor.com\/blog\/fr\/wp-json\/wp\/v2\/posts\/126539","targetHints":{"allow":["GET"]}}],"collection":[{"href":"https:\/\/elementor.com\/blog\/fr\/wp-json\/wp\/v2\/posts"}],"about":[{"href":"https:\/\/elementor.com\/blog\/fr\/wp-json\/wp\/v2\/types\/post"}],"author":[{"embeddable":true,"href":"https:\/\/elementor.com\/blog\/fr\/wp-json\/wp\/v2\/users\/2024207"}],"replies":[{"embeddable":true,"href":"https:\/\/elementor.com\/blog\/fr\/wp-json\/wp\/v2\/comments?post=126539"}],"version-history":[{"count":0,"href":"https:\/\/elementor.com\/blog\/fr\/wp-json\/wp\/v2\/posts\/126539\/revisions"}],"wp:featuredmedia":[{"embeddable":true,"href":"https:\/\/elementor.com\/blog\/fr\/wp-json\/wp\/v2\/media\/106991"}],"wp:attachment":[{"href":"https:\/\/elementor.com\/blog\/fr\/wp-json\/wp\/v2\/media?parent=126539"}],"wp:term":[{"taxonomy":"category","embeddable":true,"href":"https:\/\/elementor.com\/blog\/fr\/wp-json\/wp\/v2\/categories?post=126539"},{"taxonomy":"post_tag","embeddable":true,"href":"https:\/\/elementor.com\/blog\/fr\/wp-json\/wp\/v2\/tags?post=126539"},{"taxonomy":"marketing_persona","embeddable":true,"href":"https:\/\/elementor.com\/blog\/fr\/wp-json\/wp\/v2\/marketing_persona?post=126539"},{"taxonomy":"marketing_intent","embeddable":true,"href":"https:\/\/elementor.com\/blog\/fr\/wp-json\/wp\/v2\/marketing_intent?post=126539"}],"curies":[{"name":"wp","href":"https:\/\/api.w.org\/{rel}","templated":true}]}}