{"id":126521,"date":"2022-03-08T09:40:31","date_gmt":"2022-03-08T09:40:31","guid":{"rendered":"https:\/\/elementor.com\/blog\/les-opportunites-et-les-defis-detre-une-entrepreneure-web-feminine-dans-year\/"},"modified":"2024-03-28T13:39:30","modified_gmt":"2024-03-28T11:39:30","slug":"les-opportunites-et-les-defis-detre-une-entrepreneure-web-feminine-dans-year","status":"publish","type":"post","link":"https:\/\/elementor.com\/blog\/fr\/les-opportunites-et-les-defis-detre-une-entrepreneure-web-feminine-dans-year\/","title":{"rendered":"Les opportunit\u00e9s et les d\u00e9fis d&rsquo;\u00eatre une entrepreneure web f\u00e9minine dans  2026"},"content":{"rendered":"\n<p>Chaque ann\u00e9e, les gens demandent : \u00ab\u00a0Avons-nous vraiment besoin de la Journ\u00e9e internationale des femmes ? Pourquoi n&rsquo;avons-nous pas de Journ\u00e9e internationale des hommes ?\u00a0\u00bb<\/p>\n\n<p>Je souhaiterais que nous n&rsquo;en ayons pas besoin. Mais il n&rsquo;y a pas si longtemps, les femmes n&rsquo;\u00e9taient l\u00e9galement pas autoris\u00e9es \u00e0 avoir leur propre carte de cr\u00e9dit ou \u00e0 poss\u00e9der des biens, et les femmes continuent de lutter pour des droits fondamentaux dans le monde entier. Les femmes ont occup\u00e9 une position de second rang dans la soci\u00e9t\u00e9 pendant des mill\u00e9naires \u2014 il faut du temps pour rectifier cette injustice, et nous ne faisons que commencer.<\/p>\n\n<p>Ceux d&rsquo;entre nous qui vivent dans des pays libres et d\u00e9mocratiques sont tr\u00e8s fortun\u00e9s. Techniquement, nous avons des droits \u00e9gaux dans presque tous les aspects de la soci\u00e9t\u00e9. Nous pouvons atteindre l&rsquo;ind\u00e9pendance \u00e9conomique et assumer n&rsquo;importe quel r\u00f4le ou profession que nous souhaitons. Je suis incroyablement reconnaissante pour mon privil\u00e8ge.<\/p>\n\n<p>Mais nous ne pouvons profiter de ces opportunit\u00e9s que dans la mesure o\u00f9 la soci\u00e9t\u00e9 nous le permet, et ce sont les pr\u00e9jug\u00e9s non exprim\u00e9s et sous-jacents, omnipr\u00e9sents dans la soci\u00e9t\u00e9, qui continuent de nous poser des d\u00e9fis.<\/p>\n\n<h2 class=\"wp-block-heading\">La seule femme dans la salle<\/h2>\n\n<p>Je parlerai de l&rsquo;espace que je connais le mieux \u2014 celui de ma position de co-fondatrice technologique de <a rel=\"noreferrer noopener\" href=\"https:\/\/www.strattic.com\" target=\"_blank\">Strattic<\/a> \u2014 une plateforme de nouvelle g\u00e9n\u00e9ration qui convertit les sites WordPress en une architecture Jamstack statique et sans t\u00eate pour une vitesse, une s\u00e9curit\u00e9 et une \u00e9volutivit\u00e9 ultimes, en un seul clic.<\/p>\n\n<p>La grande majorit\u00e9 du temps, je suis la seule femme dans la salle (y compris les salles Zoom). C&rsquo;est parce que, jusqu&rsquo;\u00e0 ce jour, ce sont principalement des hommes qui occupent des postes de pouvoir. Les hommes que je connais sont de bonnes personnes qui aimeraient voir plus de diversit\u00e9 dans leurs rangs. Alors o\u00f9 sont les femmes ?<\/p>\n\n<blockquote class=\"wp-block-quote is-layout-flow wp-block-quote-is-layout-flow\"><p>\u00ab\u00a0Lorsque vous ne ressemblez pas \u00e0 tous ceux qui vous ont pr\u00e9c\u00e9d\u00e9 (c&rsquo;est-\u00e0-dire les hommes), leur subconscient se demande : pouvez-vous vraiment faire le travail ?\u00a0\u00bb<\/p><\/blockquote>\n\n<p>Eh bien, lorsque vous progressez dans votre carri\u00e8re, vos sup\u00e9rieurs doivent faire des choix concernant votre soutien et votre promotion. Ces choix sont bas\u00e9s sur des crit\u00e8res \u00e0 la fois objectifs et subjectifs, souvent inconscients. Lorsque vous ne ressemblez pas \u00e0 tous ceux qui vous ont pr\u00e9c\u00e9d\u00e9 (c&rsquo;est-\u00e0-dire les hommes), leur subconscient se demande : pouvez-vous vraiment faire le travail ? Et cela peut souvent faire la diff\u00e9rence entre progresser ou rester sur place.<\/p>\n\n<h2 class=\"wp-block-heading\">Tout avoir ? Le d\u00e9fi de combiner parentalit\u00e9 et carri\u00e8re<\/h2>\n\n<p>\u00catre m\u00e8re pose encore un d\u00e9fi professionnel, bien que cela soit heureusement en train de changer. De nombreux lieux de travail attendent de leurs employ\u00e9s qu&rsquo;ils se consacrent pleinement au travail et fassent comme s&rsquo;ils n&rsquo;avaient pas de vie personnelle. Mais cela ne fonctionne pas pour de nombreuses femmes, et elles sacrifieront donc souvent leur trajectoire de carri\u00e8re pour pouvoir \u00e9lever leurs enfants. <\/p>\n\n<p>Il n&rsquo;est pas n\u00e9cessaire qu&rsquo;il en soit ainsi. Et heureusement, la parentalit\u00e9 est devenue plus \u00e9quitable au cours de la derni\u00e8re d\u00e9cennie environ, o\u00f9 les p\u00e8res ne se voient plus comme \u00ab aidant avec les enfants \u00bb mais comme des parents \u00e9gaux. Mais de nombreuses femmes luttent encore avec la combinaison du travail et de la parentalit\u00e9, et la part du lion des t\u00e2ches m\u00e9nag\u00e8res et de l&rsquo;\u00ab espace mental \u00bb leur incombe. <\/p>\n\n<h2 class=\"wp-block-heading\">Le Web cr\u00e9e plus d&rsquo;\u00e9galit\u00e9 des chances<\/h2>\n\n<p>Nous sommes particuli\u00e8rement chanceux de vivre \u00e0 l&rsquo;\u00e8re de l&rsquo;Internet, car il offre de nombreuses opportunit\u00e9s \u00e0 ceux d&rsquo;entre nous qui n&rsquo;auraient pas traditionnellement pu gravir les \u00e9chelons.<\/p>\n\n<p>J&rsquo;ai fond\u00e9 ma premi\u00e8re entreprise, une agence de d\u00e9veloppement WordPress, apr\u00e8s avoir donn\u00e9 naissance \u00e0 mon quatri\u00e8me enfant. Je d\u00e9sirais ardemment la flexibilit\u00e9 n\u00e9cessaire pour \u00eatre parent, mais aussi l&rsquo;opportunit\u00e9 d&rsquo;apprendre et de cro\u00eetre professionnellement, ainsi que d&rsquo;offrir une valeur ajout\u00e9e \u00e0 la soci\u00e9t\u00e9 en dehors de mon foyer.<\/p>\n\n<p>J&rsquo;ai d\u00e9couvert WordPress et, gr\u00e2ce au WordPress Codex et \u00e0 de nombreux articles tr\u00e8s utiles r\u00e9dig\u00e9s par d&rsquo;autres utilisateurs de WordPress, j&rsquo;ai pu m&rsquo;autoformer suffisamment pour commencer \u00e0 construire des sites web. Le web m&rsquo;a donn\u00e9 la capacit\u00e9 d&rsquo;apprendre depuis mon domicile, puis de travailler \u00e0 domicile, d&rsquo;\u00eatre en ligne lorsque n\u00e9cessaire, et de me d\u00e9connecter pour \u00eatre avec les enfants selon les besoins.<\/p>\n\n<blockquote class=\"wp-block-quote is-layout-flow wp-block-quote-is-layout-flow\"><p>\u00ab\u00a0Il y a des d\u00e9cennies, je n&rsquo;aurais jamais pu m&rsquo;\u00e9panouir \u00e0 la fois professionnellement et en tant que m\u00e8re. Ainsi, bien que nous fassions face \u00e0 de nombreux d\u00e9fis en tant que &lsquo;minorit\u00e9&rsquo;, nous pouvons travailler au sein du syst\u00e8me pour trouver une solution qui nous convienne, en tant que femmes.\u00a0\u00bb<\/p><\/blockquote>\n\n<p>L&rsquo;agence s&rsquo;est d\u00e9velopp\u00e9e. J&rsquo;ai \u00e9volu\u00e9. J&rsquo;ai appris \u00e0 faire du marketing, des ventes et \u00e0 construire des sites web meilleurs et plus importants. J&rsquo;ai \u00e9galement grandi en tant que parent, et ma famille s&rsquo;est agrandie avec l&rsquo;arriv\u00e9e de trois enfants suppl\u00e9mentaires.<\/p>\n\n<p>Il y a des d\u00e9cennies, je n&rsquo;aurais jamais pu m&rsquo;\u00e9panouir \u00e0 la fois professionnellement et en tant que m\u00e8re. Ainsi, bien que nous fassions face \u00e0 de nombreux d\u00e9fis en tant que \u00ab\u00a0minorit\u00e9\u00a0\u00bb (ce qui est absurde puisque nous sommes la majorit\u00e9 des personnes dans le monde), nous pouvons travailler au sein du syst\u00e8me pour trouver une solution qui nous convienne, en tant que femmes.<\/p>\n\n<h2 class=\"wp-block-heading\">Les femmes doivent travailler plus dur et \u00eatre meilleures<\/h2>\n\n<p>Cela \u00e9tant dit, nous devrons toujours travailler plus dur et \u00eatre meilleures. Pour r\u00e9ussir en tant que femme, il faut \u00eatre la meilleure dans son domaine. Les hommes moyens peuvent progresser, mais nous ne pouvons progresser que si nous sommes exceptionnelles. C&rsquo;est injuste, et cela doit changer, mais il est important d&rsquo;\u00eatre conscient de cela et de reconna\u00eetre cette disparit\u00e9.<\/p>\n\n<blockquote class=\"wp-block-quote is-layout-flow wp-block-quote-is-layout-flow\"><p>\u00ab\u00a0Pour les fondatrices d&rsquo;entreprises technologiques, de nombreux aspects sont plus difficiles, y compris l&rsquo;activit\u00e9 qui est le carburant pour maintenir une entreprise en vie : lever des fonds de capital-risque. Les fondatrices n&rsquo;ont obtenu que 2 % du capital-risque aux \u00c9tats-Unis en 2021.\u00a0\u00bb<\/p><\/blockquote>\n\n<p>Pour les fondatrices d&rsquo;entreprises technologiques, de nombreux aspects sont plus difficiles, y compris l&rsquo;activit\u00e9 qui est le carburant pour maintenir une entreprise en vie : lever des fonds de capital-risque. Les \u00e9quipes enti\u00e8rement f\u00e9minines ont tr\u00e8s peu de chances de lever des fonds. Les fondatrices n&rsquo;ont obtenu que 2 % du capital-risque aux \u00c9tats-Unis en 2021, le pourcentage le plus bas depuis 2016. Introduisez un partenaire masculin dans l&rsquo;\u00e9quation, et vos chances augmentent \u2014 <a href=\"https:\/\/www.bloomberg.com\/news\/articles\/2022-01-11\/women-founders-raised-just-2-of-venture-capital-money-last-year\">les \u00e9quipes de fondateurs f\u00e9minins et masculins ont lev\u00e9 15,6 % du total des fonds de capital-risque en 2021<\/a>. Cela signifie que de nombreuses femmes talentueuses et brillantes ne peuvent pas concr\u00e9tiser leurs id\u00e9es et leurs innovations. J&rsquo;ai vu cela se produire \u00e0 maintes reprises.<\/p>\n\n<h2 class=\"wp-block-heading\">L&rsquo;avenir est prometteur pour les femmes<\/h2>\n\n<p>Ces probl\u00e8mes retiennent l&rsquo;attention et font l&rsquo;objet de discussions parmi les dirigeants, les m\u00e9dias et bien d&rsquo;autres. J&rsquo;ai r\u00e9cemment \u00e9t\u00e9 mise en avant dans un programme d&rsquo;information local qui a soulign\u00e9 les fondatrices et les d\u00e9fis auxquels nous sommes confront\u00e9es, et cela a suscit\u00e9 de nombreux retours positifs.<\/p>\n\n<p>WordPress en particulier a toujours fait un excellent travail en mati\u00e8re d&rsquo;inclusivit\u00e9. Par exemple, les conf\u00e9rences WordCamp ont toujours un excellent m\u00e9lange d&rsquo;intervenants et de participants issus de tous horizons, et la communaut\u00e9 est g\u00e9n\u00e9ralement un lieu qui aide chacun \u00e0 se sentir \u00e0 l&rsquo;aise et bienvenu. <\/p>\n\n<p>J&rsquo;esp\u00e8re voir la prochaine g\u00e9n\u00e9ration de fondateurs \u00e9galement r\u00e9partie entre hommes et femmes, de sorte que le fait d&rsquo;\u00eatre une fondatrice ne soit plus remarquable. Je tente d&rsquo;apporter ma modeste contribution en \u00ab\u00a0transmettant le flambeau\u00a0\u00bb en intervenant et en encadrant dans des coll\u00e8ges et lyc\u00e9es pour filles, des programmes d&rsquo;acc\u00e9l\u00e9ration de startups, et bien plus encore, partageant mon histoire et esp\u00e9rant que non seulement elles pourront en tirer des enseignements, mais aussi que lorsqu&rsquo;elles verront quelqu&rsquo;un qui leur ressemble et qui a concr\u00e9tis\u00e9 sa vision, elles croiront qu&rsquo;elles peuvent le faire aussi.<\/p>\n","protected":false},"excerpt":{"rendered":"<p>Bien que le web cr\u00e9e des opportunit\u00e9s plus \u00e9galitaires, les fondatrices n&rsquo;ont obtenu que 2% du capital-risque aux \u00c9tats-Unis en 2021. Miriam Schwab, co-fondatrice et directrice g\u00e9n\u00e9rale de Strattic, partage son histoire personnelle et les d\u00e9fis auxquels elle a \u00e9t\u00e9 confront\u00e9e en tant qu&rsquo;entrepreneure technologique f\u00e9minine, ainsi que les raisons pour lesquelles elle croit fermement que l&rsquo;avenir est prometteur pour les femmes dans le domaine de la technologie.<\/p>\n","protected":false},"author":2024214,"featured_media":106870,"comment_status":"open","ping_status":"open","sticky":false,"template":"","format":"standard","meta":{"_acf_changed":false,"footnotes":""},"categories":[228,234],"tags":[],"marketing_persona":[],"marketing_intent":[48],"class_list":["post-126521","post","type-post","status-publish","format-standard","has-post-thumbnail","hentry","category-communaute","category-inspiration-fr"],"acf":[],"yoast_head":"<!-- This site is optimized with the Yoast SEO plugin v27.4 - https:\/\/yoast.com\/product\/yoast-seo-wordpress\/ -->\n<title>Les opportunit\u00e9s et les d\u00e9fis d&#039;\u00eatre une entrepreneure web f\u00e9minine dans 2026<\/title>\n<meta name=\"description\" content=\"Miriam Schwab, co-fondatrice et directrice g\u00e9n\u00e9rale de Strattic, partage son histoire personnelle et les d\u00e9fis auxquels elle a \u00e9t\u00e9 confront\u00e9e en tant qu&#039;entrepreneure technologique f\u00e9minine, ainsi que les raisons pour lesquelles elle croit fermement que l&#039;avenir est prometteur pour les femmes dans le domaine de la technologie.\" \/>\n<meta name=\"robots\" content=\"index, follow, max-snippet:-1, max-image-preview:large, max-video-preview:-1\" \/>\n<link rel=\"canonical\" href=\"https:\/\/elementor.com\/blog\/fr\/les-opportunites-et-les-defis-detre-une-entrepreneure-web-feminine-dans-year\/\" \/>\n<meta property=\"og:locale\" content=\"fr_FR\" \/>\n<meta property=\"og:type\" content=\"article\" \/>\n<meta property=\"og:title\" content=\"Les opportunit\u00e9s et les d\u00e9fis d&#039;\u00eatre une entrepreneure web f\u00e9minine dans [year]\" \/>\n<meta property=\"og:description\" content=\"Miriam Schwab, co-fondatrice et directrice g\u00e9n\u00e9rale de Strattic, partage son histoire personnelle et les d\u00e9fis auxquels elle a \u00e9t\u00e9 confront\u00e9e en tant qu&#039;entrepreneure technologique f\u00e9minine, ainsi que les raisons pour lesquelles elle croit fermement que l&#039;avenir est prometteur pour les femmes dans le domaine de la technologie.\" \/>\n<meta property=\"og:url\" content=\"https:\/\/elementor.com\/blog\/fr\/les-opportunites-et-les-defis-detre-une-entrepreneure-web-feminine-dans-year\/\" \/>\n<meta property=\"og:site_name\" content=\"Blog\" \/>\n<meta property=\"article:publisher\" content=\"https:\/\/www.facebook.com\/elemntor\/\" \/>\n<meta property=\"article:published_time\" content=\"2022-03-08T09:40:31+00:00\" \/>\n<meta property=\"article:modified_time\" content=\"2024-03-28T11:39:30+00:00\" \/>\n<meta property=\"og:image\" content=\"https:\/\/elementor.com\/blog\/wp-content\/uploads\/2022\/03\/2022_02_blog_cover_International-Womens-Day-Miriam-Schwabs-guest-post_1200_630_no_text-1-scaled.jpg\" \/>\n\t<meta property=\"og:image:width\" content=\"2560\" \/>\n\t<meta property=\"og:image:height\" content=\"1343\" \/>\n\t<meta property=\"og:image:type\" content=\"image\/jpeg\" \/>\n<meta name=\"author\" content=\"Miriam Schwab\" \/>\n<meta name=\"twitter:card\" content=\"summary_large_image\" \/>\n<meta name=\"twitter:creator\" content=\"@elemntor\" \/>\n<meta name=\"twitter:site\" content=\"@elemntor\" \/>\n<meta name=\"twitter:label1\" content=\"\u00c9crit par\" \/>\n\t<meta name=\"twitter:data1\" content=\"Miriam Schwab\" \/>\n\t<meta name=\"twitter:label2\" content=\"Dur\u00e9e de lecture estim\u00e9e\" \/>\n\t<meta name=\"twitter:data2\" content=\"7 minutes\" \/>\n<script type=\"application\/ld+json\" class=\"yoast-schema-graph\">{\"@context\":\"https:\\\/\\\/schema.org\",\"@graph\":[{\"@type\":\"Article\",\"@id\":\"https:\\\/\\\/elementor.com\\\/blog\\\/fr\\\/les-opportunites-et-les-defis-detre-une-entrepreneure-web-feminine-dans-year\\\/#article\",\"isPartOf\":{\"@id\":\"https:\\\/\\\/elementor.com\\\/blog\\\/fr\\\/les-opportunites-et-les-defis-detre-une-entrepreneure-web-feminine-dans-year\\\/\"},\"author\":{\"name\":\"Miriam Schwab\",\"@id\":\"https:\\\/\\\/elementor.com\\\/blog\\\/fr\\\/#\\\/schema\\\/person\\\/97e1019fe4deead217793d420e88a59b\"},\"headline\":\"Les opportunit\u00e9s et les d\u00e9fis d&rsquo;\u00eatre une entrepreneure web f\u00e9minine dans 2026\",\"datePublished\":\"2022-03-08T09:40:31+00:00\",\"dateModified\":\"2024-03-28T11:39:30+00:00\",\"mainEntityOfPage\":{\"@id\":\"https:\\\/\\\/elementor.com\\\/blog\\\/fr\\\/les-opportunites-et-les-defis-detre-une-entrepreneure-web-feminine-dans-year\\\/\"},\"wordCount\":1428,\"commentCount\":0,\"publisher\":{\"@id\":\"https:\\\/\\\/elementor.com\\\/blog\\\/fr\\\/#organization\"},\"image\":{\"@id\":\"https:\\\/\\\/elementor.com\\\/blog\\\/fr\\\/les-opportunites-et-les-defis-detre-une-entrepreneure-web-feminine-dans-year\\\/#primaryimage\"},\"thumbnailUrl\":\"https:\\\/\\\/elementor.com\\\/blog\\\/wp-content\\\/uploads\\\/2022\\\/03\\\/2022_02_blog_cover_International-Womens-Day-Miriam-Schwabs-guest-post_1200_630_no_text-1-scaled.jpg\",\"articleSection\":[\"Communaut\u00e9\",\"Inspiration\"],\"inLanguage\":\"fr-FR\",\"potentialAction\":[{\"@type\":\"CommentAction\",\"name\":\"Comment\",\"target\":[\"https:\\\/\\\/elementor.com\\\/blog\\\/fr\\\/les-opportunites-et-les-defis-detre-une-entrepreneure-web-feminine-dans-year\\\/#respond\"]}]},{\"@type\":\"WebPage\",\"@id\":\"https:\\\/\\\/elementor.com\\\/blog\\\/fr\\\/les-opportunites-et-les-defis-detre-une-entrepreneure-web-feminine-dans-year\\\/\",\"url\":\"https:\\\/\\\/elementor.com\\\/blog\\\/fr\\\/les-opportunites-et-les-defis-detre-une-entrepreneure-web-feminine-dans-year\\\/\",\"name\":\"Les opportunit\u00e9s et les d\u00e9fis d'\u00eatre une entrepreneure web f\u00e9minine dans [year]\",\"isPartOf\":{\"@id\":\"https:\\\/\\\/elementor.com\\\/blog\\\/fr\\\/#website\"},\"primaryImageOfPage\":{\"@id\":\"https:\\\/\\\/elementor.com\\\/blog\\\/fr\\\/les-opportunites-et-les-defis-detre-une-entrepreneure-web-feminine-dans-year\\\/#primaryimage\"},\"image\":{\"@id\":\"https:\\\/\\\/elementor.com\\\/blog\\\/fr\\\/les-opportunites-et-les-defis-detre-une-entrepreneure-web-feminine-dans-year\\\/#primaryimage\"},\"thumbnailUrl\":\"https:\\\/\\\/elementor.com\\\/blog\\\/wp-content\\\/uploads\\\/2022\\\/03\\\/2022_02_blog_cover_International-Womens-Day-Miriam-Schwabs-guest-post_1200_630_no_text-1-scaled.jpg\",\"datePublished\":\"2022-03-08T09:40:31+00:00\",\"dateModified\":\"2024-03-28T11:39:30+00:00\",\"description\":\"Miriam Schwab, co-fondatrice et directrice g\u00e9n\u00e9rale de Strattic, partage son histoire personnelle et les d\u00e9fis auxquels elle a \u00e9t\u00e9 confront\u00e9e en tant qu'entrepreneure technologique f\u00e9minine, ainsi que les raisons pour lesquelles elle croit fermement que l'avenir est prometteur pour les femmes dans le domaine de la technologie.\",\"breadcrumb\":{\"@id\":\"https:\\\/\\\/elementor.com\\\/blog\\\/fr\\\/les-opportunites-et-les-defis-detre-une-entrepreneure-web-feminine-dans-year\\\/#breadcrumb\"},\"inLanguage\":\"fr-FR\",\"potentialAction\":[{\"@type\":\"ReadAction\",\"target\":[\"https:\\\/\\\/elementor.com\\\/blog\\\/fr\\\/les-opportunites-et-les-defis-detre-une-entrepreneure-web-feminine-dans-year\\\/\"]}]},{\"@type\":\"ImageObject\",\"inLanguage\":\"fr-FR\",\"@id\":\"https:\\\/\\\/elementor.com\\\/blog\\\/fr\\\/les-opportunites-et-les-defis-detre-une-entrepreneure-web-feminine-dans-year\\\/#primaryimage\",\"url\":\"https:\\\/\\\/elementor.com\\\/blog\\\/wp-content\\\/uploads\\\/2022\\\/03\\\/2022_02_blog_cover_International-Womens-Day-Miriam-Schwabs-guest-post_1200_630_no_text-1-scaled.jpg\",\"contentUrl\":\"https:\\\/\\\/elementor.com\\\/blog\\\/wp-content\\\/uploads\\\/2022\\\/03\\\/2022_02_blog_cover_International-Womens-Day-Miriam-Schwabs-guest-post_1200_630_no_text-1-scaled.jpg\",\"width\":2560,\"height\":1343},{\"@type\":\"BreadcrumbList\",\"@id\":\"https:\\\/\\\/elementor.com\\\/blog\\\/fr\\\/les-opportunites-et-les-defis-detre-une-entrepreneure-web-feminine-dans-year\\\/#breadcrumb\",\"itemListElement\":[{\"@type\":\"ListItem\",\"position\":1,\"name\":\"Blog\",\"item\":\"https:\\\/\\\/elementor.com\\\/blog\\\/fr\\\/\"},{\"@type\":\"ListItem\",\"position\":2,\"name\":\"Inspiration\",\"item\":\"https:\\\/\\\/elementor.com\\\/blog\\\/fr\\\/category\\\/inspiration-fr\\\/\"},{\"@type\":\"ListItem\",\"position\":3,\"name\":\"Les opportunit\u00e9s et les d\u00e9fis d&rsquo;\u00eatre une entrepreneure web f\u00e9minine dans 2025\"}]},{\"@type\":\"WebSite\",\"@id\":\"https:\\\/\\\/elementor.com\\\/blog\\\/fr\\\/#website\",\"url\":\"https:\\\/\\\/elementor.com\\\/blog\\\/fr\\\/\",\"name\":\"Elementor\",\"description\":\"Website Builder for WordPress\",\"publisher\":{\"@id\":\"https:\\\/\\\/elementor.com\\\/blog\\\/fr\\\/#organization\"},\"potentialAction\":[{\"@type\":\"SearchAction\",\"target\":{\"@type\":\"EntryPoint\",\"urlTemplate\":\"https:\\\/\\\/elementor.com\\\/blog\\\/fr\\\/?s={search_term_string}\"},\"query-input\":{\"@type\":\"PropertyValueSpecification\",\"valueRequired\":true,\"valueName\":\"search_term_string\"}}],\"inLanguage\":\"fr-FR\"},{\"@type\":\"Organization\",\"@id\":\"https:\\\/\\\/elementor.com\\\/blog\\\/fr\\\/#organization\",\"name\":\"Elementor\",\"url\":\"https:\\\/\\\/elementor.com\\\/blog\\\/fr\\\/\",\"logo\":{\"@type\":\"ImageObject\",\"inLanguage\":\"fr-FR\",\"@id\":\"https:\\\/\\\/elementor.com\\\/blog\\\/fr\\\/#\\\/schema\\\/logo\\\/image\\\/\",\"url\":\"https:\\\/\\\/elementor.com\\\/blog\\\/wp-content\\\/uploads\\\/2025\\\/06\\\/images.png\",\"contentUrl\":\"https:\\\/\\\/elementor.com\\\/blog\\\/wp-content\\\/uploads\\\/2025\\\/06\\\/images.png\",\"width\":225,\"height\":225,\"caption\":\"Elementor\"},\"image\":{\"@id\":\"https:\\\/\\\/elementor.com\\\/blog\\\/fr\\\/#\\\/schema\\\/logo\\\/image\\\/\"},\"sameAs\":[\"https:\\\/\\\/www.facebook.com\\\/elemntor\\\/\",\"https:\\\/\\\/x.com\\\/elemntor\",\"https:\\\/\\\/www.instagram.com\\\/elementor\\\/\",\"https:\\\/\\\/www.youtube.com\\\/channel\\\/UCt9kG_EDX8zwGSC1-ycJJVA?sub_confirmation=1\",\"https:\\\/\\\/en.wikipedia.org\\\/wiki\\\/Elementor\"]},{\"@type\":\"Person\",\"@id\":\"https:\\\/\\\/elementor.com\\\/blog\\\/fr\\\/#\\\/schema\\\/person\\\/97e1019fe4deead217793d420e88a59b\",\"name\":\"Miriam Schwab\",\"image\":{\"@type\":\"ImageObject\",\"inLanguage\":\"fr-FR\",\"@id\":\"https:\\\/\\\/secure.gravatar.com\\\/avatar\\\/772c29ee68ad938591dc1eb5b5f35aaf33bccf97fd077727f88d3e20d9e062be?s=96&d=mm&r=g\",\"url\":\"https:\\\/\\\/secure.gravatar.com\\\/avatar\\\/772c29ee68ad938591dc1eb5b5f35aaf33bccf97fd077727f88d3e20d9e062be?s=96&d=mm&r=g\",\"contentUrl\":\"https:\\\/\\\/secure.gravatar.com\\\/avatar\\\/772c29ee68ad938591dc1eb5b5f35aaf33bccf97fd077727f88d3e20d9e062be?s=96&d=mm&r=g\",\"caption\":\"Miriam Schwab\"},\"description\":\"Miriam is Head of WordPress Relations at Elementor, serving as a liaison between Elementor and the greater WordPress ecosystem. Miriam took on this position after Elementor acquired Strattic, the company she co-founded to bring an innovative and comprehensive approach to WordPress security and performance to the web at large.\",\"url\":\"https:\\\/\\\/elementor.com\\\/blog\\\/fr\\\/author\\\/miriamschwab\\\/\"}]}<\/script>\n<!-- \/ Yoast SEO plugin. -->","yoast_head_json":{"title":"Les opportunit\u00e9s et les d\u00e9fis d'\u00eatre une entrepreneure web f\u00e9minine dans 2026","description":"Miriam Schwab, co-fondatrice et directrice g\u00e9n\u00e9rale de Strattic, partage son histoire personnelle et les d\u00e9fis auxquels elle a \u00e9t\u00e9 confront\u00e9e en tant qu'entrepreneure technologique f\u00e9minine, ainsi que les raisons pour lesquelles elle croit fermement que l'avenir est prometteur pour les femmes dans le domaine de la technologie.","robots":{"index":"index","follow":"follow","max-snippet":"max-snippet:-1","max-image-preview":"max-image-preview:large","max-video-preview":"max-video-preview:-1"},"canonical":"https:\/\/elementor.com\/blog\/fr\/les-opportunites-et-les-defis-detre-une-entrepreneure-web-feminine-dans-year\/","og_locale":"fr_FR","og_type":"article","og_title":"Les opportunit\u00e9s et les d\u00e9fis d'\u00eatre une entrepreneure web f\u00e9minine dans [year]","og_description":"Miriam Schwab, co-fondatrice et directrice g\u00e9n\u00e9rale de Strattic, partage son histoire personnelle et les d\u00e9fis auxquels elle a \u00e9t\u00e9 confront\u00e9e en tant qu'entrepreneure technologique f\u00e9minine, ainsi que les raisons pour lesquelles elle croit fermement que l'avenir est prometteur pour les femmes dans le domaine de la technologie.","og_url":"https:\/\/elementor.com\/blog\/fr\/les-opportunites-et-les-defis-detre-une-entrepreneure-web-feminine-dans-year\/","og_site_name":"Blog","article_publisher":"https:\/\/www.facebook.com\/elemntor\/","article_published_time":"2022-03-08T09:40:31+00:00","article_modified_time":"2024-03-28T11:39:30+00:00","og_image":[{"width":2560,"height":1343,"url":"https:\/\/elementor.com\/blog\/wp-content\/uploads\/2022\/03\/2022_02_blog_cover_International-Womens-Day-Miriam-Schwabs-guest-post_1200_630_no_text-1-scaled.jpg","type":"image\/jpeg"}],"author":"Miriam Schwab","twitter_card":"summary_large_image","twitter_creator":"@elemntor","twitter_site":"@elemntor","twitter_misc":{"\u00c9crit par":"Miriam Schwab","Dur\u00e9e de lecture estim\u00e9e":"7 minutes"},"schema":{"@context":"https:\/\/schema.org","@graph":[{"@type":"Article","@id":"https:\/\/elementor.com\/blog\/fr\/les-opportunites-et-les-defis-detre-une-entrepreneure-web-feminine-dans-year\/#article","isPartOf":{"@id":"https:\/\/elementor.com\/blog\/fr\/les-opportunites-et-les-defis-detre-une-entrepreneure-web-feminine-dans-year\/"},"author":{"name":"Miriam Schwab","@id":"https:\/\/elementor.com\/blog\/fr\/#\/schema\/person\/97e1019fe4deead217793d420e88a59b"},"headline":"Les opportunit\u00e9s et les d\u00e9fis d&rsquo;\u00eatre une entrepreneure web f\u00e9minine dans 2026","datePublished":"2022-03-08T09:40:31+00:00","dateModified":"2024-03-28T11:39:30+00:00","mainEntityOfPage":{"@id":"https:\/\/elementor.com\/blog\/fr\/les-opportunites-et-les-defis-detre-une-entrepreneure-web-feminine-dans-year\/"},"wordCount":1428,"commentCount":0,"publisher":{"@id":"https:\/\/elementor.com\/blog\/fr\/#organization"},"image":{"@id":"https:\/\/elementor.com\/blog\/fr\/les-opportunites-et-les-defis-detre-une-entrepreneure-web-feminine-dans-year\/#primaryimage"},"thumbnailUrl":"https:\/\/elementor.com\/blog\/wp-content\/uploads\/2022\/03\/2022_02_blog_cover_International-Womens-Day-Miriam-Schwabs-guest-post_1200_630_no_text-1-scaled.jpg","articleSection":["Communaut\u00e9","Inspiration"],"inLanguage":"fr-FR","potentialAction":[{"@type":"CommentAction","name":"Comment","target":["https:\/\/elementor.com\/blog\/fr\/les-opportunites-et-les-defis-detre-une-entrepreneure-web-feminine-dans-year\/#respond"]}]},{"@type":"WebPage","@id":"https:\/\/elementor.com\/blog\/fr\/les-opportunites-et-les-defis-detre-une-entrepreneure-web-feminine-dans-year\/","url":"https:\/\/elementor.com\/blog\/fr\/les-opportunites-et-les-defis-detre-une-entrepreneure-web-feminine-dans-year\/","name":"Les opportunit\u00e9s et les d\u00e9fis d'\u00eatre une entrepreneure web f\u00e9minine dans [year]","isPartOf":{"@id":"https:\/\/elementor.com\/blog\/fr\/#website"},"primaryImageOfPage":{"@id":"https:\/\/elementor.com\/blog\/fr\/les-opportunites-et-les-defis-detre-une-entrepreneure-web-feminine-dans-year\/#primaryimage"},"image":{"@id":"https:\/\/elementor.com\/blog\/fr\/les-opportunites-et-les-defis-detre-une-entrepreneure-web-feminine-dans-year\/#primaryimage"},"thumbnailUrl":"https:\/\/elementor.com\/blog\/wp-content\/uploads\/2022\/03\/2022_02_blog_cover_International-Womens-Day-Miriam-Schwabs-guest-post_1200_630_no_text-1-scaled.jpg","datePublished":"2022-03-08T09:40:31+00:00","dateModified":"2024-03-28T11:39:30+00:00","description":"Miriam Schwab, co-fondatrice et directrice g\u00e9n\u00e9rale de Strattic, partage son histoire personnelle et les d\u00e9fis auxquels elle a \u00e9t\u00e9 confront\u00e9e en tant qu'entrepreneure technologique f\u00e9minine, ainsi que les raisons pour lesquelles elle croit fermement que l'avenir est prometteur pour les femmes dans le domaine de la technologie.","breadcrumb":{"@id":"https:\/\/elementor.com\/blog\/fr\/les-opportunites-et-les-defis-detre-une-entrepreneure-web-feminine-dans-year\/#breadcrumb"},"inLanguage":"fr-FR","potentialAction":[{"@type":"ReadAction","target":["https:\/\/elementor.com\/blog\/fr\/les-opportunites-et-les-defis-detre-une-entrepreneure-web-feminine-dans-year\/"]}]},{"@type":"ImageObject","inLanguage":"fr-FR","@id":"https:\/\/elementor.com\/blog\/fr\/les-opportunites-et-les-defis-detre-une-entrepreneure-web-feminine-dans-year\/#primaryimage","url":"https:\/\/elementor.com\/blog\/wp-content\/uploads\/2022\/03\/2022_02_blog_cover_International-Womens-Day-Miriam-Schwabs-guest-post_1200_630_no_text-1-scaled.jpg","contentUrl":"https:\/\/elementor.com\/blog\/wp-content\/uploads\/2022\/03\/2022_02_blog_cover_International-Womens-Day-Miriam-Schwabs-guest-post_1200_630_no_text-1-scaled.jpg","width":2560,"height":1343},{"@type":"BreadcrumbList","@id":"https:\/\/elementor.com\/blog\/fr\/les-opportunites-et-les-defis-detre-une-entrepreneure-web-feminine-dans-year\/#breadcrumb","itemListElement":[{"@type":"ListItem","position":1,"name":"Blog","item":"https:\/\/elementor.com\/blog\/fr\/"},{"@type":"ListItem","position":2,"name":"Inspiration","item":"https:\/\/elementor.com\/blog\/fr\/category\/inspiration-fr\/"},{"@type":"ListItem","position":3,"name":"Les opportunit\u00e9s et les d\u00e9fis d&rsquo;\u00eatre une entrepreneure web f\u00e9minine dans 2025"}]},{"@type":"WebSite","@id":"https:\/\/elementor.com\/blog\/fr\/#website","url":"https:\/\/elementor.com\/blog\/fr\/","name":"Elementor","description":"Website Builder for WordPress","publisher":{"@id":"https:\/\/elementor.com\/blog\/fr\/#organization"},"potentialAction":[{"@type":"SearchAction","target":{"@type":"EntryPoint","urlTemplate":"https:\/\/elementor.com\/blog\/fr\/?s={search_term_string}"},"query-input":{"@type":"PropertyValueSpecification","valueRequired":true,"valueName":"search_term_string"}}],"inLanguage":"fr-FR"},{"@type":"Organization","@id":"https:\/\/elementor.com\/blog\/fr\/#organization","name":"Elementor","url":"https:\/\/elementor.com\/blog\/fr\/","logo":{"@type":"ImageObject","inLanguage":"fr-FR","@id":"https:\/\/elementor.com\/blog\/fr\/#\/schema\/logo\/image\/","url":"https:\/\/elementor.com\/blog\/wp-content\/uploads\/2025\/06\/images.png","contentUrl":"https:\/\/elementor.com\/blog\/wp-content\/uploads\/2025\/06\/images.png","width":225,"height":225,"caption":"Elementor"},"image":{"@id":"https:\/\/elementor.com\/blog\/fr\/#\/schema\/logo\/image\/"},"sameAs":["https:\/\/www.facebook.com\/elemntor\/","https:\/\/x.com\/elemntor","https:\/\/www.instagram.com\/elementor\/","https:\/\/www.youtube.com\/channel\/UCt9kG_EDX8zwGSC1-ycJJVA?sub_confirmation=1","https:\/\/en.wikipedia.org\/wiki\/Elementor"]},{"@type":"Person","@id":"https:\/\/elementor.com\/blog\/fr\/#\/schema\/person\/97e1019fe4deead217793d420e88a59b","name":"Miriam Schwab","image":{"@type":"ImageObject","inLanguage":"fr-FR","@id":"https:\/\/secure.gravatar.com\/avatar\/772c29ee68ad938591dc1eb5b5f35aaf33bccf97fd077727f88d3e20d9e062be?s=96&d=mm&r=g","url":"https:\/\/secure.gravatar.com\/avatar\/772c29ee68ad938591dc1eb5b5f35aaf33bccf97fd077727f88d3e20d9e062be?s=96&d=mm&r=g","contentUrl":"https:\/\/secure.gravatar.com\/avatar\/772c29ee68ad938591dc1eb5b5f35aaf33bccf97fd077727f88d3e20d9e062be?s=96&d=mm&r=g","caption":"Miriam Schwab"},"description":"Miriam is Head of WordPress Relations at Elementor, serving as a liaison between Elementor and the greater WordPress ecosystem. Miriam took on this position after Elementor acquired Strattic, the company she co-founded to bring an innovative and comprehensive approach to WordPress security and performance to the web at large.","url":"https:\/\/elementor.com\/blog\/fr\/author\/miriamschwab\/"}]}},"_links":{"self":[{"href":"https:\/\/elementor.com\/blog\/fr\/wp-json\/wp\/v2\/posts\/126521","targetHints":{"allow":["GET"]}}],"collection":[{"href":"https:\/\/elementor.com\/blog\/fr\/wp-json\/wp\/v2\/posts"}],"about":[{"href":"https:\/\/elementor.com\/blog\/fr\/wp-json\/wp\/v2\/types\/post"}],"author":[{"embeddable":true,"href":"https:\/\/elementor.com\/blog\/fr\/wp-json\/wp\/v2\/users\/2024214"}],"replies":[{"embeddable":true,"href":"https:\/\/elementor.com\/blog\/fr\/wp-json\/wp\/v2\/comments?post=126521"}],"version-history":[{"count":0,"href":"https:\/\/elementor.com\/blog\/fr\/wp-json\/wp\/v2\/posts\/126521\/revisions"}],"wp:featuredmedia":[{"embeddable":true,"href":"https:\/\/elementor.com\/blog\/fr\/wp-json\/wp\/v2\/media\/106870"}],"wp:attachment":[{"href":"https:\/\/elementor.com\/blog\/fr\/wp-json\/wp\/v2\/media?parent=126521"}],"wp:term":[{"taxonomy":"category","embeddable":true,"href":"https:\/\/elementor.com\/blog\/fr\/wp-json\/wp\/v2\/categories?post=126521"},{"taxonomy":"post_tag","embeddable":true,"href":"https:\/\/elementor.com\/blog\/fr\/wp-json\/wp\/v2\/tags?post=126521"},{"taxonomy":"marketing_persona","embeddable":true,"href":"https:\/\/elementor.com\/blog\/fr\/wp-json\/wp\/v2\/marketing_persona?post=126521"},{"taxonomy":"marketing_intent","embeddable":true,"href":"https:\/\/elementor.com\/blog\/fr\/wp-json\/wp\/v2\/marketing_intent?post=126521"}],"curies":[{"name":"wp","href":"https:\/\/api.w.org\/{rel}","templated":true}]}}